{"id":94,"date":"2018-08-11T18:33:04","date_gmt":"2018-08-11T16:33:04","guid":{"rendered":"http:\/\/www.brattiro.net\/NEWS\/?p=94"},"modified":"2018-08-11T23:02:14","modified_gmt":"2018-08-11T21:02:14","slug":"sagra-del-vino-brattiro","status":"publish","type":"post","link":"https:\/\/www.brattiro.net\/NEWS\/2018\/08\/11\/sagra-del-vino-brattiro\/","title":{"rendered":"Sagra del vino &#8211; Brattir\u00f2"},"content":{"rendered":"<p>Altro appuntamento molto atteso nel comune di Drapia \u00e8 la Sagra del Vino di Brattir\u00f2.<\/p>\n<p>Ogni dieci agosto questo piccolo paese si anima, per dare vita ad una sagra come poche. Possiamo dire che al posto del sangue, nelle vene dei brattiroesi ci scorre il vino, visto che chi pi\u00f9, chi meno, lo produce. Il vino \u00e8 il prodotto tipico del banchetto, anche per questo uno degli slogan della sagra \u00e8 &#8220;Vino gratis&#8221;, per condividere tutti insieme questo prodotto, portatore sano di allegria.<\/p>\n<p>&nbsp;<\/p>\n<figure id=\"attachment_97\" aria-describedby=\"caption-attachment-97\" style=\"width: 300px\" class=\"wp-caption alignnone\"><img data-recalc-dims=\"1\" loading=\"lazy\" decoding=\"async\" data-attachment-id=\"97\" data-permalink=\"https:\/\/www.brattiro.net\/NEWS\/2018\/08\/11\/sagra-del-vino-brattiro\/dsc_0145-2\/\" data-orig-file=\"https:\/\/i0.wp.com\/www.brattiro.net\/NEWS\/wp-content\/uploads\/2018\/08\/DSC_0145-1.jpg?fit=3872%2C2592&amp;ssl=1\" data-orig-size=\"3872,2592\" data-comments-opened=\"1\" data-image-meta=\"{&quot;aperture&quot;:&quot;0&quot;,&quot;credit&quot;:&quot;&quot;,&quot;camera&quot;:&quot;&quot;,&quot;caption&quot;:&quot;&quot;,&quot;created_timestamp&quot;:&quot;0&quot;,&quot;copyright&quot;:&quot;&quot;,&quot;focal_length&quot;:&quot;0&quot;,&quot;iso&quot;:&quot;0&quot;,&quot;shutter_speed&quot;:&quot;0&quot;,&quot;title&quot;:&quot;&quot;,&quot;orientation&quot;:&quot;0&quot;}\" data-image-title=\"DSC_0145\" data-image-description=\"\" data-image-caption=\"&lt;p&gt;Accoglienza&lt;\/p&gt;\n\" data-large-file=\"https:\/\/i0.wp.com\/www.brattiro.net\/NEWS\/wp-content\/uploads\/2018\/08\/DSC_0145-1.jpg?fit=840%2C562&amp;ssl=1\" class=\"size-medium wp-image-97\" src=\"https:\/\/i0.wp.com\/www.brattiro.net\/NEWS\/wp-content\/uploads\/2018\/08\/DSC_0145-1-300x201.jpg?resize=300%2C201\" alt=\"\" width=\"300\" height=\"201\" srcset=\"https:\/\/i0.wp.com\/www.brattiro.net\/NEWS\/wp-content\/uploads\/2018\/08\/DSC_0145-1.jpg?resize=300%2C201&amp;ssl=1 300w, https:\/\/i0.wp.com\/www.brattiro.net\/NEWS\/wp-content\/uploads\/2018\/08\/DSC_0145-1.jpg?resize=768%2C514&amp;ssl=1 768w, https:\/\/i0.wp.com\/www.brattiro.net\/NEWS\/wp-content\/uploads\/2018\/08\/DSC_0145-1.jpg?resize=1024%2C685&amp;ssl=1 1024w, https:\/\/i0.wp.com\/www.brattiro.net\/NEWS\/wp-content\/uploads\/2018\/08\/DSC_0145-1.jpg?resize=1200%2C803&amp;ssl=1 1200w, https:\/\/i0.wp.com\/www.brattiro.net\/NEWS\/wp-content\/uploads\/2018\/08\/DSC_0145-1.jpg?w=1680&amp;ssl=1 1680w, https:\/\/i0.wp.com\/www.brattiro.net\/NEWS\/wp-content\/uploads\/2018\/08\/DSC_0145-1.jpg?w=2520&amp;ssl=1 2520w\" sizes=\"auto, (max-width: 300px) 85vw, 300px\" \/><figcaption id=\"caption-attachment-97\" class=\"wp-caption-text\">Accoglienza<\/figcaption><\/figure>\n<p>&nbsp;<\/p>\n<p>Come di consueto, la sagra si snoda per tutto il paese. Partiamo con uno stand tutto dedito all&#8217;accoglienza, con pane e olive, giusto per mettere un po&#8217; di acquolina in bocca in pi\u00f9. Andando avanti, non si trova solo il classico stand di &#8220;paninu cu sotizzu&#8221;, ma anche uno stand dove poter assaggiare la pasta, condita anche con la nduja, o pi\u00f9 in l\u00e0 una gustosa bruschetta col pomodoro o un piatto completo di tutte le prelibatezze nostrane. Senza dimenticare l&#8217;ottima sangria. Tutto servito dai ragazzi del paese e dai membri dell&#8217;associazione che sono parte attiva della sagra.<\/p>\n<p>Cuore pulsante della sagra \u00e8 la piazza principale del paese, dove si trova il palco che ospita ogni anno un gruppo diverso. L&#8217;onore, quest&#8217;anno, \u00e8 spettato agli Officina Kalabra, i quali hanno scaldato la piazza dovere, interagendo anche con il pubblico. Tanti i giovani e meno giovani sotto il palco, a cantare e ballare a squarciagola.<\/p>\n<figure id=\"attachment_88\" aria-describedby=\"caption-attachment-88\" style=\"width: 300px\" class=\"wp-caption alignnone\"><img data-recalc-dims=\"1\" loading=\"lazy\" decoding=\"async\" data-attachment-id=\"88\" data-permalink=\"https:\/\/www.brattiro.net\/NEWS\/2018\/08\/11\/sagra-del-vino-brattiro\/dsc_0186\/\" data-orig-file=\"https:\/\/i0.wp.com\/www.brattiro.net\/NEWS\/wp-content\/uploads\/2018\/08\/DSC_0186.jpg?fit=3872%2C2592&amp;ssl=1\" data-orig-size=\"3872,2592\" data-comments-opened=\"1\" data-image-meta=\"{&quot;aperture&quot;:&quot;0&quot;,&quot;credit&quot;:&quot;&quot;,&quot;camera&quot;:&quot;&quot;,&quot;caption&quot;:&quot;&quot;,&quot;created_timestamp&quot;:&quot;0&quot;,&quot;copyright&quot;:&quot;&quot;,&quot;focal_length&quot;:&quot;0&quot;,&quot;iso&quot;:&quot;0&quot;,&quot;shutter_speed&quot;:&quot;0&quot;,&quot;title&quot;:&quot;&quot;,&quot;orientation&quot;:&quot;0&quot;}\" data-image-title=\"DSC_0186\" data-image-description=\"\" data-image-caption=\"&lt;p&gt;Officina Kalabra in concerto&lt;\/p&gt;\n\" data-large-file=\"https:\/\/i0.wp.com\/www.brattiro.net\/NEWS\/wp-content\/uploads\/2018\/08\/DSC_0186.jpg?fit=840%2C562&amp;ssl=1\" class=\"size-medium wp-image-88\" src=\"https:\/\/i0.wp.com\/www.brattiro.net\/NEWS\/wp-content\/uploads\/2018\/08\/DSC_0186-300x201.jpg?resize=300%2C201\" alt=\"\" width=\"300\" height=\"201\" srcset=\"https:\/\/i0.wp.com\/www.brattiro.net\/NEWS\/wp-content\/uploads\/2018\/08\/DSC_0186.jpg?resize=300%2C201&amp;ssl=1 300w, https:\/\/i0.wp.com\/www.brattiro.net\/NEWS\/wp-content\/uploads\/2018\/08\/DSC_0186.jpg?resize=768%2C514&amp;ssl=1 768w, https:\/\/i0.wp.com\/www.brattiro.net\/NEWS\/wp-content\/uploads\/2018\/08\/DSC_0186.jpg?resize=1024%2C685&amp;ssl=1 1024w, https:\/\/i0.wp.com\/www.brattiro.net\/NEWS\/wp-content\/uploads\/2018\/08\/DSC_0186.jpg?resize=1200%2C803&amp;ssl=1 1200w, https:\/\/i0.wp.com\/www.brattiro.net\/NEWS\/wp-content\/uploads\/2018\/08\/DSC_0186.jpg?w=1680&amp;ssl=1 1680w, https:\/\/i0.wp.com\/www.brattiro.net\/NEWS\/wp-content\/uploads\/2018\/08\/DSC_0186.jpg?w=2520&amp;ssl=1 2520w\" sizes=\"auto, (max-width: 300px) 85vw, 300px\" \/><figcaption id=\"caption-attachment-88\" class=\"wp-caption-text\">Officina Kalabra in concerto<\/figcaption><\/figure>\n<p>Tutto a cura dell&#8217;Associazione Culturale Enotria, che da anni profonde il suo impegno affinch\u00e8 la tradizione si rinnovi e non vada perduta.<\/p>\n<p>&nbsp;<\/p>\n<figure id=\"attachment_84\" aria-describedby=\"caption-attachment-84\" style=\"width: 300px\" class=\"wp-caption alignnone\"><img data-recalc-dims=\"1\" loading=\"lazy\" decoding=\"async\" data-attachment-id=\"84\" data-permalink=\"https:\/\/www.brattiro.net\/NEWS\/2018\/08\/11\/sagra-del-vino-brattiro\/dscn07861\/\" data-orig-file=\"https:\/\/i0.wp.com\/www.brattiro.net\/NEWS\/wp-content\/uploads\/2018\/08\/DSCN07861.jpg?fit=4608%2C3456&amp;ssl=1\" data-orig-size=\"4608,3456\" data-comments-opened=\"1\" data-image-meta=\"{&quot;aperture&quot;:&quot;0&quot;,&quot;credit&quot;:&quot;&quot;,&quot;camera&quot;:&quot;&quot;,&quot;caption&quot;:&quot;&quot;,&quot;created_timestamp&quot;:&quot;0&quot;,&quot;copyright&quot;:&quot;&quot;,&quot;focal_length&quot;:&quot;0&quot;,&quot;iso&quot;:&quot;0&quot;,&quot;shutter_speed&quot;:&quot;0&quot;,&quot;title&quot;:&quot;&quot;,&quot;orientation&quot;:&quot;0&quot;}\" data-image-title=\"DSCN0786[1]\" data-image-description=\"\" data-image-caption=\"&lt;p&gt;Stand piatto e bruschette&lt;\/p&gt;\n\" data-large-file=\"https:\/\/i0.wp.com\/www.brattiro.net\/NEWS\/wp-content\/uploads\/2018\/08\/DSCN07861.jpg?fit=840%2C630&amp;ssl=1\" class=\"size-medium wp-image-84\" src=\"https:\/\/i0.wp.com\/www.brattiro.net\/NEWS\/wp-content\/uploads\/2018\/08\/DSCN07861-300x225.jpg?resize=300%2C225\" alt=\"\" width=\"300\" height=\"225\" srcset=\"https:\/\/i0.wp.com\/www.brattiro.net\/NEWS\/wp-content\/uploads\/2018\/08\/DSCN07861.jpg?resize=300%2C225&amp;ssl=1 300w, https:\/\/i0.wp.com\/www.brattiro.net\/NEWS\/wp-content\/uploads\/2018\/08\/DSCN07861.jpg?resize=768%2C576&amp;ssl=1 768w, https:\/\/i0.wp.com\/www.brattiro.net\/NEWS\/wp-content\/uploads\/2018\/08\/DSCN07861.jpg?resize=1024%2C768&amp;ssl=1 1024w, https:\/\/i0.wp.com\/www.brattiro.net\/NEWS\/wp-content\/uploads\/2018\/08\/DSCN07861.jpg?resize=1200%2C900&amp;ssl=1 1200w, https:\/\/i0.wp.com\/www.brattiro.net\/NEWS\/wp-content\/uploads\/2018\/08\/DSCN07861.jpg?w=1680&amp;ssl=1 1680w, https:\/\/i0.wp.com\/www.brattiro.net\/NEWS\/wp-content\/uploads\/2018\/08\/DSCN07861.jpg?w=2520&amp;ssl=1 2520w\" sizes=\"auto, (max-width: 300px) 85vw, 300px\" \/><figcaption id=\"caption-attachment-84\" class=\"wp-caption-text\">Stand piatto e bruschette<\/figcaption><\/figure>\n<div class=\"fb-background-color\">\n\t\t\t  <div \n\t\t\t  \tclass = \"fb-comments\" \n\t\t\t  \tdata-href = \"https:\/\/www.brattiro.net\/NEWS\/2018\/08\/11\/sagra-del-vino-brattiro\/\"\n\t\t\t  \tdata-numposts = \"10\"\n\t\t\t  \tdata-lazy = \"true\"\n\t\t\t\tdata-colorscheme = \"light\"\n\t\t\t\tdata-order-by = \"social\"\n\t\t\t\tdata-mobile=true>\n\t\t\t  <\/div><\/div>\n\t\t  <style>\n\t\t    .fb-background-color {\n\t\t\t\tbackground: #ffffff !important;\n\t\t\t}\n\t\t\t.fb_iframe_widget_fluid_desktop iframe {\n\t\t\t    width: 100% !important;\n\t\t\t}\n\t\t  <\/style>\n\t\t  ","protected":false},"excerpt":{"rendered":"<p>Altro appuntamento molto atteso nel comune di Drapia \u00e8 la Sagra del Vino di Brattir\u00f2. Ogni dieci agosto questo piccolo paese si anima, per dare vita ad una sagra come poche. Possiamo dire che al posto del sangue, nelle vene dei brattiroesi ci scorre il vino, visto che chi pi\u00f9, chi meno, lo produce. Il &hellip; <a href=\"https:\/\/www.brattiro.net\/NEWS\/2018\/08\/11\/sagra-del-vino-brattiro\/\" class=\"more-link\">Leggi tutto<span class=\"screen-reader-text\"> &#8220;Sagra del vino &#8211; Brattir\u00f2&#8221;<\/span><\/a><\/p>\n","protected":false},"author":3,"featured_media":0,"comment_status":"open","ping_status":"open","sticky":false,"template":"","format":"standard","meta":{"ngg_post_thumbnail":0,"jetpack_post_was_ever_published":false,"_jetpack_newsletter_access":"","_jetpack_dont_email_post_to_subs":false,"_jetpack_newsletter_tier_id":0,"_jetpack_memberships_contains_paywalled_content":false,"_jetpack_memberships_contains_paid_content":false,"footnotes":"","jetpack_publicize_message":"","jetpack_publicize_feature_enabled":true,"jetpack_social_post_already_shared":true,"jetpack_social_options":{"image_generator_settings":{"template":"highway","default_image_id":0,"font":"","enabled":false},"version":2}},"categories":[4,1],"tags":[8],"class_list":["post-94","post","type-post","status-publish","format-standard","hentry","category-notizie","category-senza-categoria","tag-sagradelvino"],"jetpack_publicize_connections":[],"jetpack_featured_media_url":"","jetpack_sharing_enabled":true,"jetpack_shortlink":"https:\/\/wp.me\/p9SAok-1w","jetpack-related-posts":[{"id":241,"url":"https:\/\/www.brattiro.net\/NEWS\/2019\/08\/14\/sagra-del-vino-di-brattiro-goliardia-divertimento-e-caos-ordinato\/","url_meta":{"origin":94,"position":0},"title":"Sagra del Vino di Brattir\u00f2: goliardia, divertimento e caos ordinato","author":"Mariantonietta Rombol\u00e0","date":"14 Agosto 2019","format":false,"excerpt":"E' gi\u00e0 passato il 10 agosto, quando Brattir\u00f2, durante la notte dei desideri, si anima di colpo. E' mattino presto quando i membri dell'Associazione Enotria si mettono al lavoro per gli ultimi ritocchi. Se vi ricordate, \u00e8 cominciato tutto una settimana prima, con la degustazione del vino. Durante questo periodo,\u2026","rel":"","context":"In &quot;Senza categoria&quot;","block_context":{"text":"Senza categoria","link":"https:\/\/www.brattiro.net\/NEWS\/category\/senza-categoria\/"},"img":{"alt_text":"","src":"https:\/\/i0.wp.com\/www.brattiro.net\/NEWS\/wp-content\/uploads\/2019\/08\/IMG_20190810_213939.jpg?resize=350%2C200&ssl=1","width":350,"height":200,"srcset":"https:\/\/i0.wp.com\/www.brattiro.net\/NEWS\/wp-content\/uploads\/2019\/08\/IMG_20190810_213939.jpg?resize=350%2C200&ssl=1 1x, https:\/\/i0.wp.com\/www.brattiro.net\/NEWS\/wp-content\/uploads\/2019\/08\/IMG_20190810_213939.jpg?resize=525%2C300&ssl=1 1.5x, https:\/\/i0.wp.com\/www.brattiro.net\/NEWS\/wp-content\/uploads\/2019\/08\/IMG_20190810_213939.jpg?resize=700%2C400&ssl=1 2x, https:\/\/i0.wp.com\/www.brattiro.net\/NEWS\/wp-content\/uploads\/2019\/08\/IMG_20190810_213939.jpg?resize=1050%2C600&ssl=1 3x, https:\/\/i0.wp.com\/www.brattiro.net\/NEWS\/wp-content\/uploads\/2019\/08\/IMG_20190810_213939.jpg?resize=1400%2C800&ssl=1 4x"},"classes":[]},{"id":73,"url":"https:\/\/www.brattiro.net\/NEWS\/2018\/08\/09\/sagra-da-sujaca-caria\/","url_meta":{"origin":94,"position":1},"title":"Sagra da Sujaca- Caria","author":"Mariantonietta Rombol\u00e0","date":"9 Agosto 2018","format":false,"excerpt":"Agosto, si sa, \u00e8 il mese delle sagre e delle feste e anche nel nostro piccolo comune se ne svolgono alcune che ogni anno richiamano in questi piccoli centri parecchi turisti. Partiremo cos\u00ec dalla prima sagra in ordine di calendario: la Sagra della Sujaca di Caria. Quest'anno cadeva il quarantennale\u2026","rel":"","context":"In &quot;Notizie&quot;","block_context":{"text":"Notizie","link":"https:\/\/www.brattiro.net\/NEWS\/category\/notizie\/"},"img":{"alt_text":"","src":"","width":0,"height":0},"classes":[]},{"id":225,"url":"https:\/\/www.brattiro.net\/NEWS\/2019\/08\/08\/sagra-da-sujaca-di-caria-la-sagra-che-si-migliora-sempre\/","url_meta":{"origin":94,"position":2},"title":"Sagra da Sujaca di Caria: la sagra che si migliora sempre","author":"Mariantonietta Rombol\u00e0","date":"8 Agosto 2019","format":false,"excerpt":"Il 6 agosto \u00e8 andata in scena una delle sagre pi\u00f9 piacevoli e coinvolgenti del circondario: la Sagra da Sujaca (fagioli) di Caria. Brattiro.net l'ha vissuta per voi. Gli stand sono tutti ordinatamente piazzati all'interno di un grande, ideale, corridoio. Ci sono infatti due arcate in cartone piazzate a fare\u2026","rel":"","context":"In &quot;Senza categoria&quot;","block_context":{"text":"Senza categoria","link":"https:\/\/www.brattiro.net\/NEWS\/category\/senza-categoria\/"},"img":{"alt_text":"","src":"https:\/\/i0.wp.com\/www.brattiro.net\/NEWS\/wp-content\/uploads\/2019\/08\/IMG_20190806_211144.jpg?resize=350%2C200&ssl=1","width":350,"height":200,"srcset":"https:\/\/i0.wp.com\/www.brattiro.net\/NEWS\/wp-content\/uploads\/2019\/08\/IMG_20190806_211144.jpg?resize=350%2C200&ssl=1 1x, https:\/\/i0.wp.com\/www.brattiro.net\/NEWS\/wp-content\/uploads\/2019\/08\/IMG_20190806_211144.jpg?resize=525%2C300&ssl=1 1.5x, https:\/\/i0.wp.com\/www.brattiro.net\/NEWS\/wp-content\/uploads\/2019\/08\/IMG_20190806_211144.jpg?resize=700%2C400&ssl=1 2x, https:\/\/i0.wp.com\/www.brattiro.net\/NEWS\/wp-content\/uploads\/2019\/08\/IMG_20190806_211144.jpg?resize=1050%2C600&ssl=1 3x, https:\/\/i0.wp.com\/www.brattiro.net\/NEWS\/wp-content\/uploads\/2019\/08\/IMG_20190806_211144.jpg?resize=1400%2C800&ssl=1 4x"},"classes":[]},{"id":218,"url":"https:\/\/www.brattiro.net\/NEWS\/2019\/08\/05\/o4-agosto-2019-si-preparano-le-grandi-feste\/","url_meta":{"origin":94,"position":3},"title":"O4 agosto 2019: si preparano le grandi feste","author":"Mariantonietta Rombol\u00e0","date":"5 Agosto 2019","format":false,"excerpt":"Vi raccontiamo un po' la giornata del 04 agosto, che ha segnato due tappe importanti per i due maggiori eventi del paese: la festa per i SS Cosma e Damiano e la Sagra del Vino. I Santi Medici Partiamo dal mattino, quando, come ormai consuetudine da qualche anno, alla fine\u2026","rel":"","context":"In \"agosto\"","block_context":{"text":"agosto","link":"https:\/\/www.brattiro.net\/NEWS\/tag\/agosto\/"},"img":{"alt_text":"","src":"https:\/\/i0.wp.com\/www.brattiro.net\/NEWS\/wp-content\/uploads\/2019\/08\/DSCN1623.jpg?resize=350%2C200&ssl=1","width":350,"height":200,"srcset":"https:\/\/i0.wp.com\/www.brattiro.net\/NEWS\/wp-content\/uploads\/2019\/08\/DSCN1623.jpg?resize=350%2C200&ssl=1 1x, https:\/\/i0.wp.com\/www.brattiro.net\/NEWS\/wp-content\/uploads\/2019\/08\/DSCN1623.jpg?resize=525%2C300&ssl=1 1.5x, https:\/\/i0.wp.com\/www.brattiro.net\/NEWS\/wp-content\/uploads\/2019\/08\/DSCN1623.jpg?resize=700%2C400&ssl=1 2x, https:\/\/i0.wp.com\/www.brattiro.net\/NEWS\/wp-content\/uploads\/2019\/08\/DSCN1623.jpg?resize=1050%2C600&ssl=1 3x, https:\/\/i0.wp.com\/www.brattiro.net\/NEWS\/wp-content\/uploads\/2019\/08\/DSCN1623.jpg?resize=1400%2C800&ssl=1 4x"},"classes":[]},{"id":251,"url":"https:\/\/www.brattiro.net\/NEWS\/2019\/09\/16\/cantine-rombola-alla-scoperta-dei-vigneti-della-zona\/","url_meta":{"origin":94,"position":4},"title":"Cantine Rombol\u00e0: alla scoperta dei vigneti della zona","author":"Mariantonietta Rombol\u00e0","date":"16 Settembre 2019","format":false,"excerpt":"Vista la vocazione vinicola del paese, abbiamo deciso di visitare le cantine presenti sul territorio per sapere come lavorano e per conoscere il loro impegno nel portare nel mondo il nome del \"Vino di Brattir\u00f2\". Abbiamo cos\u00ec deciso di intervistare i produttori. Partiamo da Alfonso Rombol\u00e0, di Cantine Rombol\u00e0. Pur\u2026","rel":"","context":"In &quot;Senza categoria&quot;","block_context":{"text":"Senza categoria","link":"https:\/\/www.brattiro.net\/NEWS\/category\/senza-categoria\/"},"img":{"alt_text":"","src":"https:\/\/i0.wp.com\/www.brattiro.net\/NEWS\/wp-content\/uploads\/2019\/08\/DSCN1895.jpg?resize=350%2C200&ssl=1","width":350,"height":200,"srcset":"https:\/\/i0.wp.com\/www.brattiro.net\/NEWS\/wp-content\/uploads\/2019\/08\/DSCN1895.jpg?resize=350%2C200&ssl=1 1x, https:\/\/i0.wp.com\/www.brattiro.net\/NEWS\/wp-content\/uploads\/2019\/08\/DSCN1895.jpg?resize=525%2C300&ssl=1 1.5x, https:\/\/i0.wp.com\/www.brattiro.net\/NEWS\/wp-content\/uploads\/2019\/08\/DSCN1895.jpg?resize=700%2C400&ssl=1 2x, https:\/\/i0.wp.com\/www.brattiro.net\/NEWS\/wp-content\/uploads\/2019\/08\/DSCN1895.jpg?resize=1050%2C600&ssl=1 3x, https:\/\/i0.wp.com\/www.brattiro.net\/NEWS\/wp-content\/uploads\/2019\/08\/DSCN1895.jpg?resize=1400%2C800&ssl=1 4x"},"classes":[]},{"id":254,"url":"https:\/\/www.brattiro.net\/NEWS\/2019\/09\/16\/cantina-masicei-la-bonta-del-nostro-vino-con-un-tocco-bio\/","url_meta":{"origin":94,"position":5},"title":"Cantina Masicei: la bont\u00e0 del nostro vino, con un tocco bio","author":"Mariantonietta Rombol\u00e0","date":"16 Settembre 2019","format":false,"excerpt":"Si continua con le interviste ai produttori vinicoli brattiroesi. Stavolta tocca a Cosmo Rombol\u00e0 di Cantina Masicei. Anche lui dice di aver cominciato quasi per gioco e grazie soprattutto a suo padre, che gli ha trasmesso l'amore per il vino. E cos\u00ec, nel 2012 fa un investimento da cui nasce\u2026","rel":"","context":"In &quot;Senza categoria&quot;","block_context":{"text":"Senza categoria","link":"https:\/\/www.brattiro.net\/NEWS\/category\/senza-categoria\/"},"img":{"alt_text":"","src":"https:\/\/i0.wp.com\/www.brattiro.net\/NEWS\/wp-content\/uploads\/2019\/08\/DSCN1917.jpg?resize=350%2C200&ssl=1","width":350,"height":200,"srcset":"https:\/\/i0.wp.com\/www.brattiro.net\/NEWS\/wp-content\/uploads\/2019\/08\/DSCN1917.jpg?resize=350%2C200&ssl=1 1x, https:\/\/i0.wp.com\/www.brattiro.net\/NEWS\/wp-content\/uploads\/2019\/08\/DSCN1917.jpg?resize=525%2C300&ssl=1 1.5x, https:\/\/i0.wp.com\/www.brattiro.net\/NEWS\/wp-content\/uploads\/2019\/08\/DSCN1917.jpg?resize=700%2C400&ssl=1 2x, https:\/\/i0.wp.com\/www.brattiro.net\/NEWS\/wp-content\/uploads\/2019\/08\/DSCN1917.jpg?resize=1050%2C600&ssl=1 3x, https:\/\/i0.wp.com\/www.brattiro.net\/NEWS\/wp-content\/uploads\/2019\/08\/DSCN1917.jpg?resize=1400%2C800&ssl=1 4x"},"classes":[]}],"jetpack_likes_enabled":true,"_links":{"self":[{"href":"https:\/\/www.brattiro.net\/NEWS\/wp-json\/wp\/v2\/posts\/94","targetHints":{"allow":["GET"]}}],"collection":[{"href":"https:\/\/www.brattiro.net\/NEWS\/wp-json\/wp\/v2\/posts"}],"about":[{"href":"https:\/\/www.brattiro.net\/NEWS\/wp-json\/wp\/v2\/types\/post"}],"author":[{"embeddable":true,"href":"https:\/\/www.brattiro.net\/NEWS\/wp-json\/wp\/v2\/users\/3"}],"replies":[{"embeddable":true,"href":"https:\/\/www.brattiro.net\/NEWS\/wp-json\/wp\/v2\/comments?post=94"}],"version-history":[{"count":5,"href":"https:\/\/www.brattiro.net\/NEWS\/wp-json\/wp\/v2\/posts\/94\/revisions"}],"predecessor-version":[{"id":100,"href":"https:\/\/www.brattiro.net\/NEWS\/wp-json\/wp\/v2\/posts\/94\/revisions\/100"}],"wp:attachment":[{"href":"https:\/\/www.brattiro.net\/NEWS\/wp-json\/wp\/v2\/media?parent=94"}],"wp:term":[{"taxonomy":"category","embeddable":true,"href":"https:\/\/www.brattiro.net\/NEWS\/wp-json\/wp\/v2\/categories?post=94"},{"taxonomy":"post_tag","embeddable":true,"href":"https:\/\/www.brattiro.net\/NEWS\/wp-json\/wp\/v2\/tags?post=94"}],"curies":[{"name":"wp","href":"https:\/\/api.w.org\/{rel}","templated":true}]}}