{"id":784,"date":"2024-04-24T17:28:50","date_gmt":"2024-04-24T15:28:50","guid":{"rendered":"https:\/\/www.brattiro.net\/NEWS\/?p=784"},"modified":"2024-04-24T17:28:57","modified_gmt":"2024-04-24T15:28:57","slug":"veleggiata-tropea-2024","status":"publish","type":"post","link":"https:\/\/www.brattiro.net\/NEWS\/2024\/04\/24\/veleggiata-tropea-2024\/","title":{"rendered":"VELEGGIATA TROPEA 2024"},"content":{"rendered":"\n<p>Per il secondo anno consecutivo il 28\/04\/2024 Tropea sar\u00e0 protagonista dell\u2019evento \u201cVeleggiata per l\u2019Ambiente\u201d.<\/p>\n\n\n\n<figure class=\"wp-block-image size-large\"><img data-recalc-dims=\"1\" loading=\"lazy\" decoding=\"async\" width=\"728\" height=\"1024\" data-attachment-id=\"785\" data-permalink=\"https:\/\/www.brattiro.net\/NEWS\/2024\/04\/24\/veleggiata-tropea-2024\/image\/\" data-orig-file=\"https:\/\/i0.wp.com\/www.brattiro.net\/NEWS\/wp-content\/uploads\/2024\/04\/image.png?fit=1137%2C1600&amp;ssl=1\" data-orig-size=\"1137,1600\" data-comments-opened=\"1\" data-image-meta=\"{&quot;aperture&quot;:&quot;0&quot;,&quot;credit&quot;:&quot;&quot;,&quot;camera&quot;:&quot;&quot;,&quot;caption&quot;:&quot;&quot;,&quot;created_timestamp&quot;:&quot;0&quot;,&quot;copyright&quot;:&quot;&quot;,&quot;focal_length&quot;:&quot;0&quot;,&quot;iso&quot;:&quot;0&quot;,&quot;shutter_speed&quot;:&quot;0&quot;,&quot;title&quot;:&quot;&quot;,&quot;orientation&quot;:&quot;0&quot;}\" data-image-title=\"image\" data-image-description=\"\" data-image-caption=\"\" data-large-file=\"https:\/\/i0.wp.com\/www.brattiro.net\/NEWS\/wp-content\/uploads\/2024\/04\/image.png?fit=728%2C1024&amp;ssl=1\" src=\"https:\/\/i0.wp.com\/www.brattiro.net\/NEWS\/wp-content\/uploads\/2024\/04\/image.png?resize=728%2C1024&#038;ssl=1\" alt=\"\" class=\"wp-image-785\" srcset=\"https:\/\/i0.wp.com\/www.brattiro.net\/NEWS\/wp-content\/uploads\/2024\/04\/image.png?resize=728%2C1024&amp;ssl=1 728w, https:\/\/i0.wp.com\/www.brattiro.net\/NEWS\/wp-content\/uploads\/2024\/04\/image.png?resize=213%2C300&amp;ssl=1 213w, https:\/\/i0.wp.com\/www.brattiro.net\/NEWS\/wp-content\/uploads\/2024\/04\/image.png?resize=768%2C1081&amp;ssl=1 768w, https:\/\/i0.wp.com\/www.brattiro.net\/NEWS\/wp-content\/uploads\/2024\/04\/image.png?resize=1092%2C1536&amp;ssl=1 1092w, https:\/\/i0.wp.com\/www.brattiro.net\/NEWS\/wp-content\/uploads\/2024\/04\/image.png?w=1137&amp;ssl=1 1137w\" sizes=\"auto, (max-width: 709px) 85vw, (max-width: 909px) 67vw, (max-width: 984px) 61vw, (max-width: 1362px) 45vw, 600px\" \/><\/figure>\n\n\n\n<p>Undici sono le sezioni Fidapa BPW Italy (Acri, Amantea, Cosenza, Piana di Palmi, Paola, Rende, Soveria Mannelli, Spezzano Albanese, Tropea, Valle del Savuto, Vibo Valentia) che partecipano alla settimana verde di Ambiente Mare Italia.<br>L\u2019iniziativa viene promossa da AMI &#8211; con la presidente della delegazione Cosenza\/Tropea Elena Pistilli, grazie a un Protocollo di Intesa tra AMI (Ambiente Mare Italia) e FIDAPA BPW Italy nazionale (Federazione Italiana Donne Arti Professioni Affari) &#8211; e dalle sezioni FIDAPA BPW Italy di: Cosenza, con la presidente Lucia Nicosia e la past President Elena Pistilli, e Tropea, con la presidente Domenica Pontoriero e la past President Chiara Epifanio.<br>La campagna di quest\u2019anno \u201cogni goccia conta\u201d \u00e8 la dichiarazione della settimana verde AMI. L\u2019impegno civico di ognuno di noi \u00e8 fondamentale per contrastare il progressivo degrado degli ecosistemi marini e terrestri. Bisogna acquisire pi\u00f9 consapevolezza ambientale, di cui spesso si parla ma non si associa ad azioni concrete nel quotidiano.<br>Questa collaborazione AMI-FIDAPA, grazie al protocollo d\u2019intesa, stipulato gi\u00e0 l\u2019anno scorso tra il presidente AMI, Alessandro Botti, e la past president FIDAPA, Fiammetta Perrone, e fortemente voluto dall\u2019attuale presidente FIDAPA Concetta Corallo, si prefigge di ottenere una sensibilizzazione verso la protezione del pianeta e di preservarlo \u201caim\u00e8\u201d dall\u2019uomo che cerca di danneggiarlo.<br>Sono partners della manifestazione: il comune di Tropea, il porto di Tropea, Lega Navale di Tropea, Lega Navale di Palmi, Vela club di Tropea, Consulta delle Associazioni di Tropea e del Territorio, Club per l\u2019Unesco di Tropea, Istituto Tecnico Nautico di Pizzo, Dipartimento Ingegneria dell\u2019Ambiente dell\u2019Universit\u00e0 della Calabria.<\/p>\n<div class=\"fb-background-color\">\n\t\t\t  <div \n\t\t\t  \tclass = \"fb-comments\" \n\t\t\t  \tdata-href = \"https:\/\/www.brattiro.net\/NEWS\/2024\/04\/24\/veleggiata-tropea-2024\/\"\n\t\t\t  \tdata-numposts = \"10\"\n\t\t\t  \tdata-lazy = \"true\"\n\t\t\t\tdata-colorscheme = \"light\"\n\t\t\t\tdata-order-by = \"social\"\n\t\t\t\tdata-mobile=true>\n\t\t\t  <\/div><\/div>\n\t\t  <style>\n\t\t    .fb-background-color {\n\t\t\t\tbackground: #ffffff !important;\n\t\t\t}\n\t\t\t.fb_iframe_widget_fluid_desktop iframe {\n\t\t\t    width: 100% !important;\n\t\t\t}\n\t\t  <\/style>\n\t\t  ","protected":false},"excerpt":{"rendered":"<p>Per il secondo anno consecutivo il 28\/04\/2024 Tropea sar\u00e0 protagonista dell\u2019evento \u201cVeleggiata per l\u2019Ambiente\u201d. Undici sono le sezioni Fidapa BPW Italy (Acri, Amantea, Cosenza, Piana di Palmi, Paola, Rende, Soveria Mannelli, Spezzano Albanese, Tropea, Valle del Savuto, Vibo Valentia) che partecipano alla settimana verde di Ambiente Mare Italia.L\u2019iniziativa viene promossa da AMI &#8211; con la &hellip; <a href=\"https:\/\/www.brattiro.net\/NEWS\/2024\/04\/24\/veleggiata-tropea-2024\/\" class=\"more-link\">Leggi tutto<span class=\"screen-reader-text\"> &#8220;VELEGGIATA TROPEA 2024&#8221;<\/span><\/a><\/p>\n","protected":false},"author":1,"featured_media":0,"comment_status":"open","ping_status":"open","sticky":false,"template":"","format":"standard","meta":{"ngg_post_thumbnail":0,"jetpack_post_was_ever_published":false,"_jetpack_newsletter_access":"","_jetpack_dont_email_post_to_subs":false,"_jetpack_newsletter_tier_id":0,"_jetpack_memberships_contains_paywalled_content":false,"_jetpack_memberships_contains_paid_content":false,"footnotes":"","jetpack_publicize_message":"VELEGGIATA TROPEA 2024\n\nPer il secondo anno consecutivo il 28\/04\/2024 Tropea sar\u00e0 protagonista dell\u2019evento \u201cVeleggiata per l\u2019Ambiente\u201d.","jetpack_publicize_feature_enabled":true,"jetpack_social_post_already_shared":false,"jetpack_social_options":{"image_generator_settings":{"template":"highway","default_image_id":0,"font":"","enabled":false},"version":2}},"categories":[1],"tags":[],"class_list":["post-784","post","type-post","status-publish","format-standard","hentry","category-senza-categoria"],"jetpack_publicize_connections":[],"jetpack_featured_media_url":"","jetpack_sharing_enabled":true,"jetpack_shortlink":"https:\/\/wp.me\/p9SAok-cE","jetpack-related-posts":[{"id":236,"url":"https:\/\/www.brattiro.net\/NEWS\/2019\/08\/11\/avvistamenti-teatrali-successo-inaspettato-sotto-la-torre\/","url_meta":{"origin":784,"position":0},"title":"Avvistamenti Teatrali: successo inaspettato sotto la Torre","author":"Mariantonietta Rombol\u00e0","date":"11 Agosto 2019","format":"link","excerpt":"Il 9 agosto \u00e8 cominciata, presso l'anfiteatro di Torre Marrana, la rassegna Avvistamenti Teatrali, appuntamento ormai sempre pi\u00f9 atteso dai locali e non. C'\u00e8 voluto qualche tempo perch\u00e8 questa rassegna diventasse significativa nella zona di Tropea-Capo Vaticano, ma adesso possiamo dire con certezza che \u00e8 uno degli eventi pi\u00f9 attesi\u2026","rel":"","context":"In &quot;Senza categoria&quot;","block_context":{"text":"Senza categoria","link":"https:\/\/www.brattiro.net\/NEWS\/category\/senza-categoria\/"},"img":{"alt_text":"","src":"https:\/\/i0.wp.com\/www.brattiro.net\/NEWS\/wp-content\/uploads\/2019\/08\/IMG_20190810_123657.jpg?resize=350%2C200&ssl=1","width":350,"height":200,"srcset":"https:\/\/i0.wp.com\/www.brattiro.net\/NEWS\/wp-content\/uploads\/2019\/08\/IMG_20190810_123657.jpg?resize=350%2C200&ssl=1 1x, https:\/\/i0.wp.com\/www.brattiro.net\/NEWS\/wp-content\/uploads\/2019\/08\/IMG_20190810_123657.jpg?resize=525%2C300&ssl=1 1.5x, https:\/\/i0.wp.com\/www.brattiro.net\/NEWS\/wp-content\/uploads\/2019\/08\/IMG_20190810_123657.jpg?resize=700%2C400&ssl=1 2x, https:\/\/i0.wp.com\/www.brattiro.net\/NEWS\/wp-content\/uploads\/2019\/08\/IMG_20190810_123657.jpg?resize=1050%2C600&ssl=1 3x, https:\/\/i0.wp.com\/www.brattiro.net\/NEWS\/wp-content\/uploads\/2019\/08\/IMG_20190810_123657.jpg?resize=1400%2C800&ssl=1 4x"},"classes":[]},{"id":225,"url":"https:\/\/www.brattiro.net\/NEWS\/2019\/08\/08\/sagra-da-sujaca-di-caria-la-sagra-che-si-migliora-sempre\/","url_meta":{"origin":784,"position":1},"title":"Sagra da Sujaca di Caria: la sagra che si migliora sempre","author":"Mariantonietta Rombol\u00e0","date":"8 Agosto 2019","format":false,"excerpt":"Il 6 agosto \u00e8 andata in scena una delle sagre pi\u00f9 piacevoli e coinvolgenti del circondario: la Sagra da Sujaca (fagioli) di Caria. Brattiro.net l'ha vissuta per voi. Gli stand sono tutti ordinatamente piazzati all'interno di un grande, ideale, corridoio. Ci sono infatti due arcate in cartone piazzate a fare\u2026","rel":"","context":"In &quot;Senza categoria&quot;","block_context":{"text":"Senza categoria","link":"https:\/\/www.brattiro.net\/NEWS\/category\/senza-categoria\/"},"img":{"alt_text":"","src":"https:\/\/i0.wp.com\/www.brattiro.net\/NEWS\/wp-content\/uploads\/2019\/08\/IMG_20190806_211144.jpg?resize=350%2C200&ssl=1","width":350,"height":200,"srcset":"https:\/\/i0.wp.com\/www.brattiro.net\/NEWS\/wp-content\/uploads\/2019\/08\/IMG_20190806_211144.jpg?resize=350%2C200&ssl=1 1x, https:\/\/i0.wp.com\/www.brattiro.net\/NEWS\/wp-content\/uploads\/2019\/08\/IMG_20190806_211144.jpg?resize=525%2C300&ssl=1 1.5x, https:\/\/i0.wp.com\/www.brattiro.net\/NEWS\/wp-content\/uploads\/2019\/08\/IMG_20190806_211144.jpg?resize=700%2C400&ssl=1 2x, https:\/\/i0.wp.com\/www.brattiro.net\/NEWS\/wp-content\/uploads\/2019\/08\/IMG_20190806_211144.jpg?resize=1050%2C600&ssl=1 3x, https:\/\/i0.wp.com\/www.brattiro.net\/NEWS\/wp-content\/uploads\/2019\/08\/IMG_20190806_211144.jpg?resize=1400%2C800&ssl=1 4x"},"classes":[]},{"id":115,"url":"https:\/\/www.brattiro.net\/NEWS\/2018\/09\/30\/vi-raccontiamo-la-festa-dei-ss-cosma-e-damiano-2018\/","url_meta":{"origin":784,"position":2},"title":"Vi raccontiamo la festa dei SS. Cosma e Damiano 2018","author":"Mariantonietta Rombol\u00e0","date":"30 Settembre 2018","format":false,"excerpt":"Anche quest\u2019anno, la festa dei Santi Medici \u00e8 passata, cos\u00ec abbiamo deciso di riassumerla e raccontarla a chi non ha potuto parteciparvi. Come al solito partiamo dal 25, il giorno che solitamente \u00e8 considerato \u201cda fera\u201d. I tre botti del mattino annunciano alla comunit\u00e0 di Brattir\u00f2 e ai paesi vicini\u2026","rel":"","context":"In &quot;Notizie&quot;","block_context":{"text":"Notizie","link":"https:\/\/www.brattiro.net\/NEWS\/category\/notizie\/"},"img":{"alt_text":"","src":"","width":0,"height":0},"classes":[]},{"id":106,"url":"https:\/\/www.brattiro.net\/NEWS\/2019\/07\/09\/spiaggia-formicoli-tra-leggenda-e-realta\/","url_meta":{"origin":784,"position":3},"title":"Spiaggia Formicoli: tra leggenda e realt\u00e0","author":"Mariantonietta Rombol\u00e0","date":"9 Luglio 2019","format":false,"excerpt":"Tramonto da Formicoli Parliamo oggi di una spiaggia molto cara ai brattiroesi, ma in realt\u00e0 sappiamo bene che resta nel cuore di molti una volta che l'hanno scoperta. La spiaggia di Formicoli. E' una delle tante spiagge che fanno parte della mitica Costa degli Dei, questa in particolare, con gli\u2026","rel":"","context":"In &quot;Storie&quot;","block_context":{"text":"Storie","link":"https:\/\/www.brattiro.net\/NEWS\/category\/storie\/"},"img":{"alt_text":"","src":"https:\/\/i0.wp.com\/www.brattiro.net\/NEWS\/wp-content\/uploads\/2019\/07\/IMG_20170730_200919_1.jpg?resize=350%2C200&ssl=1","width":350,"height":200,"srcset":"https:\/\/i0.wp.com\/www.brattiro.net\/NEWS\/wp-content\/uploads\/2019\/07\/IMG_20170730_200919_1.jpg?resize=350%2C200&ssl=1 1x, https:\/\/i0.wp.com\/www.brattiro.net\/NEWS\/wp-content\/uploads\/2019\/07\/IMG_20170730_200919_1.jpg?resize=525%2C300&ssl=1 1.5x, https:\/\/i0.wp.com\/www.brattiro.net\/NEWS\/wp-content\/uploads\/2019\/07\/IMG_20170730_200919_1.jpg?resize=700%2C400&ssl=1 2x, https:\/\/i0.wp.com\/www.brattiro.net\/NEWS\/wp-content\/uploads\/2019\/07\/IMG_20170730_200919_1.jpg?resize=1050%2C600&ssl=1 3x, https:\/\/i0.wp.com\/www.brattiro.net\/NEWS\/wp-content\/uploads\/2019\/07\/IMG_20170730_200919_1.jpg?resize=1400%2C800&ssl=1 4x"},"classes":[]},{"id":198,"url":"https:\/\/www.brattiro.net\/NEWS\/2019\/07\/08\/vi-spieghiamo-la-cittadella-di-padre-pio\/","url_meta":{"origin":784,"position":4},"title":"Vi spieghiamo la Cittadella di Padre Pio","author":"Mariantonietta Rombol\u00e0","date":"8 Luglio 2019","format":false,"excerpt":"Ieri in localit\u00e0 Vento, non molto distante da Brattir\u00f2, si \u00e8 tenuta una messa per benedire il tetto di quella che sar\u00e0 una grande opera nel nostro comune: la Cittadella di Padre Pio. La locandina Quest'evento fa seguito a quello dello scorso anno, quando venne posta la prima pietra e\u2026","rel":"","context":"In &quot;Notizie&quot;","block_context":{"text":"Notizie","link":"https:\/\/www.brattiro.net\/NEWS\/category\/notizie\/"},"img":{"alt_text":"","src":"https:\/\/i0.wp.com\/www.brattiro.net\/NEWS\/wp-content\/uploads\/2019\/07\/IMG_20190708_135927.jpg?resize=350%2C200&ssl=1","width":350,"height":200,"srcset":"https:\/\/i0.wp.com\/www.brattiro.net\/NEWS\/wp-content\/uploads\/2019\/07\/IMG_20190708_135927.jpg?resize=350%2C200&ssl=1 1x, https:\/\/i0.wp.com\/www.brattiro.net\/NEWS\/wp-content\/uploads\/2019\/07\/IMG_20190708_135927.jpg?resize=525%2C300&ssl=1 1.5x, https:\/\/i0.wp.com\/www.brattiro.net\/NEWS\/wp-content\/uploads\/2019\/07\/IMG_20190708_135927.jpg?resize=700%2C400&ssl=1 2x, https:\/\/i0.wp.com\/www.brattiro.net\/NEWS\/wp-content\/uploads\/2019\/07\/IMG_20190708_135927.jpg?resize=1050%2C600&ssl=1 3x, https:\/\/i0.wp.com\/www.brattiro.net\/NEWS\/wp-content\/uploads\/2019\/07\/IMG_20190708_135927.jpg?resize=1400%2C800&ssl=1 4x"},"classes":[]},{"id":847,"url":"https:\/\/www.brattiro.net\/NEWS\/2024\/10\/02\/resoconto-festa-ss-cosma-e-damiano-2024\/","url_meta":{"origin":784,"position":5},"title":"Resoconto Festa SS Cosma e Damiano 2024","author":"Redazione","date":"2 Ottobre 2024","format":false,"excerpt":"E' stata una festa degna di nota quella di quest'anno. Tutto \u00e8 andato per il verso giusto, favorito anche dalle condizioni climatiche molto buone. E' doveroso fare i complimenti al comitato festa 2024, che con dedizione ed impegno ha reso la festa ben organizzata in tutti gli aspetti, per una\u2026","rel":"","context":"In &quot;Notizie&quot;","block_context":{"text":"Notizie","link":"https:\/\/www.brattiro.net\/NEWS\/category\/notizie\/"},"img":{"alt_text":"","src":"","width":0,"height":0},"classes":[]}],"jetpack_likes_enabled":true,"_links":{"self":[{"href":"https:\/\/www.brattiro.net\/NEWS\/wp-json\/wp\/v2\/posts\/784","targetHints":{"allow":["GET"]}}],"collection":[{"href":"https:\/\/www.brattiro.net\/NEWS\/wp-json\/wp\/v2\/posts"}],"about":[{"href":"https:\/\/www.brattiro.net\/NEWS\/wp-json\/wp\/v2\/types\/post"}],"author":[{"embeddable":true,"href":"https:\/\/www.brattiro.net\/NEWS\/wp-json\/wp\/v2\/users\/1"}],"replies":[{"embeddable":true,"href":"https:\/\/www.brattiro.net\/NEWS\/wp-json\/wp\/v2\/comments?post=784"}],"version-history":[{"count":2,"href":"https:\/\/www.brattiro.net\/NEWS\/wp-json\/wp\/v2\/posts\/784\/revisions"}],"predecessor-version":[{"id":787,"href":"https:\/\/www.brattiro.net\/NEWS\/wp-json\/wp\/v2\/posts\/784\/revisions\/787"}],"wp:attachment":[{"href":"https:\/\/www.brattiro.net\/NEWS\/wp-json\/wp\/v2\/media?parent=784"}],"wp:term":[{"taxonomy":"category","embeddable":true,"href":"https:\/\/www.brattiro.net\/NEWS\/wp-json\/wp\/v2\/categories?post=784"},{"taxonomy":"post_tag","embeddable":true,"href":"https:\/\/www.brattiro.net\/NEWS\/wp-json\/wp\/v2\/tags?post=784"}],"curies":[{"name":"wp","href":"https:\/\/api.w.org\/{rel}","templated":true}]}}