{"id":319,"date":"2019-10-06T18:40:55","date_gmt":"2019-10-06T16:40:55","guid":{"rendered":"https:\/\/www.brattiro.net\/NEWS\/?p=319"},"modified":"2019-10-06T18:40:55","modified_gmt":"2019-10-06T16:40:55","slug":"festa-ss-cosma-e-damiano-2019-foto-e-video","status":"publish","type":"post","link":"https:\/\/www.brattiro.net\/NEWS\/2019\/10\/06\/festa-ss-cosma-e-damiano-2019-foto-e-video\/","title":{"rendered":"Festa SS. Cosma e Damiano 2019 &#8211; Foto e Video"},"content":{"rendered":"\n<p>Oltre alla galleria di foto gi\u00e0 pubblicata, ve ne forniamo altre qui e in pi\u00f9 il video dei fuochi d&#8217;artificio e della messa.<\/p>\n\n\n\n<p>Vi ricordiamo che, per chiunque volesse vederli o vedere quelli degli anni passati, basta andare sul nostro canale Youtube (<a href=\"https:\/\/www.youtube.com\/user\/BrattiroNet\">https:\/\/www.youtube.com\/user\/BrattiroNet<\/a>). Stessa cosa per le foto, che trovate sui nostri social: Facebook e Instagram, ma anche sul nostro sito, brattiro.net, appunto.<\/p>\n\n\n\n<figure class=\"wp-block-embed-youtube wp-block-embed is-type-video is-provider-youtube wp-embed-aspect-4-3 wp-has-aspect-ratio\"><div class=\"wp-block-embed__wrapper\">\n<iframe loading=\"lazy\"  id=\"_ytid_86657\"  width=\"840\" height=\"473\"  data-origwidth=\"840\" data-origheight=\"473\" src=\"https:\/\/www.youtube.com\/embed\/xrBAEQk_c14?enablejsapi=1&#038;autoplay=0&#038;cc_load_policy=0&#038;cc_lang_pref=&#038;iv_load_policy=1&#038;loop=0&#038;rel=1&#038;fs=1&#038;playsinline=0&#038;autohide=2&#038;theme=dark&#038;color=red&#038;controls=1&#038;disablekb=0&#038;\" class=\"__youtube_prefs__  epyt-is-override  no-lazyload\" title=\"YouTube player\"  allow=\"fullscreen; accelerometer; autoplay; clipboard-write; encrypted-media; gyroscope; picture-in-picture; web-share\" referrerpolicy=\"strict-origin-when-cross-origin\" allowfullscreen data-no-lazy=\"1\" data-skipgform_ajax_framebjll=\"\"><\/iframe>\n<\/div><\/figure>\n\n\n\n<figure class=\"wp-block-embed-youtube wp-block-embed is-type-video is-provider-youtube wp-embed-aspect-16-9 wp-has-aspect-ratio\"><div class=\"wp-block-embed__wrapper\">\n<iframe loading=\"lazy\"  id=\"_ytid_19465\"  width=\"840\" height=\"473\"  data-origwidth=\"840\" data-origheight=\"473\" src=\"https:\/\/www.youtube.com\/embed\/51lUq2pD8H4?enablejsapi=1&#038;autoplay=0&#038;cc_load_policy=0&#038;cc_lang_pref=&#038;iv_load_policy=1&#038;loop=0&#038;rel=1&#038;fs=1&#038;playsinline=0&#038;autohide=2&#038;theme=dark&#038;color=red&#038;controls=1&#038;disablekb=0&#038;\" class=\"__youtube_prefs__  epyt-is-override  no-lazyload\" title=\"YouTube player\"  allow=\"fullscreen; accelerometer; autoplay; clipboard-write; encrypted-media; gyroscope; picture-in-picture; web-share\" referrerpolicy=\"strict-origin-when-cross-origin\" allowfullscreen data-no-lazy=\"1\" data-skipgform_ajax_framebjll=\"\"><\/iframe>\n<\/div><\/figure>\n\n\n\nngg_shortcode_0_placeholder\n<div class=\"fb-background-color\">\n\t\t\t  <div \n\t\t\t  \tclass = \"fb-comments\" \n\t\t\t  \tdata-href = \"https:\/\/www.brattiro.net\/NEWS\/2019\/10\/06\/festa-ss-cosma-e-damiano-2019-foto-e-video\/\"\n\t\t\t  \tdata-numposts = \"10\"\n\t\t\t  \tdata-lazy = \"true\"\n\t\t\t\tdata-colorscheme = \"light\"\n\t\t\t\tdata-order-by = \"social\"\n\t\t\t\tdata-mobile=true>\n\t\t\t  <\/div><\/div>\n\t\t  <style>\n\t\t    .fb-background-color {\n\t\t\t\tbackground: #ffffff !important;\n\t\t\t}\n\t\t\t.fb_iframe_widget_fluid_desktop iframe {\n\t\t\t    width: 100% !important;\n\t\t\t}\n\t\t  <\/style>\n\t\t  ","protected":false},"excerpt":{"rendered":"<p>Oltre alla galleria di foto gi\u00e0 pubblicata, ve ne forniamo altre qui e in pi\u00f9 il video dei fuochi d&#8217;artificio e della messa. Vi ricordiamo che, per chiunque volesse vederli o vedere quelli degli anni passati, basta andare sul nostro canale Youtube (https:\/\/www.youtube.com\/user\/BrattiroNet). Stessa cosa per le foto, che trovate sui nostri social: Facebook e &hellip; <a href=\"https:\/\/www.brattiro.net\/NEWS\/2019\/10\/06\/festa-ss-cosma-e-damiano-2019-foto-e-video\/\" class=\"more-link\">Leggi tutto<span class=\"screen-reader-text\"> &#8220;Festa SS. Cosma e Damiano 2019 &#8211; Foto e Video&#8221;<\/span><\/a><\/p>\n","protected":false},"author":1,"featured_media":0,"comment_status":"open","ping_status":"open","sticky":false,"template":"","format":"standard","meta":{"ngg_post_thumbnail":0,"jetpack_post_was_ever_published":false,"_jetpack_newsletter_access":"","_jetpack_dont_email_post_to_subs":false,"_jetpack_newsletter_tier_id":0,"_jetpack_memberships_contains_paywalled_content":false,"_jetpack_memberships_contains_paid_content":false,"footnotes":"","jetpack_publicize_message":"","jetpack_publicize_feature_enabled":true,"jetpack_social_post_already_shared":true,"jetpack_social_options":{"image_generator_settings":{"template":"highway","default_image_id":0,"font":"","enabled":false},"version":2}},"categories":[1],"tags":[20,35],"class_list":["post-319","post","type-post","status-publish","format-standard","hentry","category-senza-categoria","tag-sscosmaedamiano","tag-sscosmaedamiano2019"],"jetpack_publicize_connections":[],"jetpack_featured_media_url":"","jetpack_sharing_enabled":true,"jetpack_shortlink":"https:\/\/wp.me\/p9SAok-59","jetpack-related-posts":[{"id":847,"url":"https:\/\/www.brattiro.net\/NEWS\/2024\/10\/02\/resoconto-festa-ss-cosma-e-damiano-2024\/","url_meta":{"origin":319,"position":0},"title":"Resoconto Festa SS Cosma e Damiano 2024","author":"Redazione","date":"2 Ottobre 2024","format":false,"excerpt":"E' stata una festa degna di nota quella di quest'anno. Tutto \u00e8 andato per il verso giusto, favorito anche dalle condizioni climatiche molto buone. E' doveroso fare i complimenti al comitato festa 2024, che con dedizione ed impegno ha reso la festa ben organizzata in tutti gli aspetti, per una\u2026","rel":"","context":"In &quot;Notizie&quot;","block_context":{"text":"Notizie","link":"https:\/\/www.brattiro.net\/NEWS\/category\/notizie\/"},"img":{"alt_text":"","src":"","width":0,"height":0},"classes":[]},{"id":254,"url":"https:\/\/www.brattiro.net\/NEWS\/2019\/09\/16\/cantina-masicei-la-bonta-del-nostro-vino-con-un-tocco-bio\/","url_meta":{"origin":319,"position":1},"title":"Cantina Masicei: la bont\u00e0 del nostro vino, con un tocco bio","author":"Mariantonietta Rombol\u00e0","date":"16 Settembre 2019","format":false,"excerpt":"Si continua con le interviste ai produttori vinicoli brattiroesi. Stavolta tocca a Cosmo Rombol\u00e0 di Cantina Masicei. Anche lui dice di aver cominciato quasi per gioco e grazie soprattutto a suo padre, che gli ha trasmesso l'amore per il vino. E cos\u00ec, nel 2012 fa un investimento da cui nasce\u2026","rel":"","context":"In &quot;Senza categoria&quot;","block_context":{"text":"Senza categoria","link":"https:\/\/www.brattiro.net\/NEWS\/category\/senza-categoria\/"},"img":{"alt_text":"","src":"https:\/\/i0.wp.com\/www.brattiro.net\/NEWS\/wp-content\/uploads\/2019\/08\/DSCN1917.jpg?resize=350%2C200&ssl=1","width":350,"height":200,"srcset":"https:\/\/i0.wp.com\/www.brattiro.net\/NEWS\/wp-content\/uploads\/2019\/08\/DSCN1917.jpg?resize=350%2C200&ssl=1 1x, https:\/\/i0.wp.com\/www.brattiro.net\/NEWS\/wp-content\/uploads\/2019\/08\/DSCN1917.jpg?resize=525%2C300&ssl=1 1.5x, https:\/\/i0.wp.com\/www.brattiro.net\/NEWS\/wp-content\/uploads\/2019\/08\/DSCN1917.jpg?resize=700%2C400&ssl=1 2x, https:\/\/i0.wp.com\/www.brattiro.net\/NEWS\/wp-content\/uploads\/2019\/08\/DSCN1917.jpg?resize=1050%2C600&ssl=1 3x, https:\/\/i0.wp.com\/www.brattiro.net\/NEWS\/wp-content\/uploads\/2019\/08\/DSCN1917.jpg?resize=1400%2C800&ssl=1 4x"},"classes":[]},{"id":115,"url":"https:\/\/www.brattiro.net\/NEWS\/2018\/09\/30\/vi-raccontiamo-la-festa-dei-ss-cosma-e-damiano-2018\/","url_meta":{"origin":319,"position":2},"title":"Vi raccontiamo la festa dei SS. Cosma e Damiano 2018","author":"Mariantonietta Rombol\u00e0","date":"30 Settembre 2018","format":false,"excerpt":"Anche quest\u2019anno, la festa dei Santi Medici \u00e8 passata, cos\u00ec abbiamo deciso di riassumerla e raccontarla a chi non ha potuto parteciparvi. Come al solito partiamo dal 25, il giorno che solitamente \u00e8 considerato \u201cda fera\u201d. I tre botti del mattino annunciano alla comunit\u00e0 di Brattir\u00f2 e ai paesi vicini\u2026","rel":"","context":"In &quot;Notizie&quot;","block_context":{"text":"Notizie","link":"https:\/\/www.brattiro.net\/NEWS\/category\/notizie\/"},"img":{"alt_text":"","src":"","width":0,"height":0},"classes":[]},{"id":73,"url":"https:\/\/www.brattiro.net\/NEWS\/2018\/08\/09\/sagra-da-sujaca-caria\/","url_meta":{"origin":319,"position":3},"title":"Sagra da Sujaca- Caria","author":"Mariantonietta Rombol\u00e0","date":"9 Agosto 2018","format":false,"excerpt":"Agosto, si sa, \u00e8 il mese delle sagre e delle feste e anche nel nostro piccolo comune se ne svolgono alcune che ogni anno richiamano in questi piccoli centri parecchi turisti. Partiremo cos\u00ec dalla prima sagra in ordine di calendario: la Sagra della Sujaca di Caria. Quest'anno cadeva il quarantennale\u2026","rel":"","context":"In &quot;Notizie&quot;","block_context":{"text":"Notizie","link":"https:\/\/www.brattiro.net\/NEWS\/category\/notizie\/"},"img":{"alt_text":"","src":"","width":0,"height":0},"classes":[]},{"id":241,"url":"https:\/\/www.brattiro.net\/NEWS\/2019\/08\/14\/sagra-del-vino-di-brattiro-goliardia-divertimento-e-caos-ordinato\/","url_meta":{"origin":319,"position":4},"title":"Sagra del Vino di Brattir\u00f2: goliardia, divertimento e caos ordinato","author":"Mariantonietta Rombol\u00e0","date":"14 Agosto 2019","format":false,"excerpt":"E' gi\u00e0 passato il 10 agosto, quando Brattir\u00f2, durante la notte dei desideri, si anima di colpo. E' mattino presto quando i membri dell'Associazione Enotria si mettono al lavoro per gli ultimi ritocchi. Se vi ricordate, \u00e8 cominciato tutto una settimana prima, con la degustazione del vino. Durante questo periodo,\u2026","rel":"","context":"In &quot;Senza categoria&quot;","block_context":{"text":"Senza categoria","link":"https:\/\/www.brattiro.net\/NEWS\/category\/senza-categoria\/"},"img":{"alt_text":"","src":"https:\/\/i0.wp.com\/www.brattiro.net\/NEWS\/wp-content\/uploads\/2019\/08\/IMG_20190810_213939.jpg?resize=350%2C200&ssl=1","width":350,"height":200,"srcset":"https:\/\/i0.wp.com\/www.brattiro.net\/NEWS\/wp-content\/uploads\/2019\/08\/IMG_20190810_213939.jpg?resize=350%2C200&ssl=1 1x, https:\/\/i0.wp.com\/www.brattiro.net\/NEWS\/wp-content\/uploads\/2019\/08\/IMG_20190810_213939.jpg?resize=525%2C300&ssl=1 1.5x, https:\/\/i0.wp.com\/www.brattiro.net\/NEWS\/wp-content\/uploads\/2019\/08\/IMG_20190810_213939.jpg?resize=700%2C400&ssl=1 2x, https:\/\/i0.wp.com\/www.brattiro.net\/NEWS\/wp-content\/uploads\/2019\/08\/IMG_20190810_213939.jpg?resize=1050%2C600&ssl=1 3x, https:\/\/i0.wp.com\/www.brattiro.net\/NEWS\/wp-content\/uploads\/2019\/08\/IMG_20190810_213939.jpg?resize=1400%2C800&ssl=1 4x"},"classes":[]},{"id":524,"url":"https:\/\/www.brattiro.net\/NEWS\/2020\/09\/30\/ss-cosma-e-damiano-2020\/","url_meta":{"origin":319,"position":5},"title":"SS. Cosma e Damiano 2020","author":"Mariantonietta Rombol\u00e0","date":"30 Settembre 2020","format":false,"excerpt":"E' passata anche quest'anno la festa dei Santi Medici, che \u00e8 stata un po' diversa dal solito eppure, forse, pi\u00f9 sentita. Quest'anno, tramite la nostra #novenasocial sulle nostre pagine Facebook e Instagram, abbiamo raccontato tutte quelle tradizioni che quest'anno ci sono mancate. Partendo dalle nostre amate luminarie, quelle che danno\u2026","rel":"","context":"In &quot;Storie&quot;","block_context":{"text":"Storie","link":"https:\/\/www.brattiro.net\/NEWS\/category\/storie\/"},"img":{"alt_text":"","src":"https:\/\/i0.wp.com\/www.brattiro.net\/NEWS\/wp-content\/uploads\/2020\/09\/DSCN3118-scaled.jpg?fit=1200%2C900&ssl=1&resize=350%2C200","width":350,"height":200,"srcset":"https:\/\/i0.wp.com\/www.brattiro.net\/NEWS\/wp-content\/uploads\/2020\/09\/DSCN3118-scaled.jpg?fit=1200%2C900&ssl=1&resize=350%2C200 1x, https:\/\/i0.wp.com\/www.brattiro.net\/NEWS\/wp-content\/uploads\/2020\/09\/DSCN3118-scaled.jpg?fit=1200%2C900&ssl=1&resize=525%2C300 1.5x, https:\/\/i0.wp.com\/www.brattiro.net\/NEWS\/wp-content\/uploads\/2020\/09\/DSCN3118-scaled.jpg?fit=1200%2C900&ssl=1&resize=700%2C400 2x, https:\/\/i0.wp.com\/www.brattiro.net\/NEWS\/wp-content\/uploads\/2020\/09\/DSCN3118-scaled.jpg?fit=1200%2C900&ssl=1&resize=1050%2C600 3x"},"classes":[]}],"jetpack_likes_enabled":true,"_links":{"self":[{"href":"https:\/\/www.brattiro.net\/NEWS\/wp-json\/wp\/v2\/posts\/319","targetHints":{"allow":["GET"]}}],"collection":[{"href":"https:\/\/www.brattiro.net\/NEWS\/wp-json\/wp\/v2\/posts"}],"about":[{"href":"https:\/\/www.brattiro.net\/NEWS\/wp-json\/wp\/v2\/types\/post"}],"author":[{"embeddable":true,"href":"https:\/\/www.brattiro.net\/NEWS\/wp-json\/wp\/v2\/users\/1"}],"replies":[{"embeddable":true,"href":"https:\/\/www.brattiro.net\/NEWS\/wp-json\/wp\/v2\/comments?post=319"}],"version-history":[{"count":7,"href":"https:\/\/www.brattiro.net\/NEWS\/wp-json\/wp\/v2\/posts\/319\/revisions"}],"predecessor-version":[{"id":404,"href":"https:\/\/www.brattiro.net\/NEWS\/wp-json\/wp\/v2\/posts\/319\/revisions\/404"}],"wp:attachment":[{"href":"https:\/\/www.brattiro.net\/NEWS\/wp-json\/wp\/v2\/media?parent=319"}],"wp:term":[{"taxonomy":"category","embeddable":true,"href":"https:\/\/www.brattiro.net\/NEWS\/wp-json\/wp\/v2\/categories?post=319"},{"taxonomy":"post_tag","embeddable":true,"href":"https:\/\/www.brattiro.net\/NEWS\/wp-json\/wp\/v2\/tags?post=319"}],"curies":[{"name":"wp","href":"https:\/\/api.w.org\/{rel}","templated":true}]}}