{"id":254,"date":"2019-09-16T09:30:08","date_gmt":"2019-09-16T07:30:08","guid":{"rendered":"http:\/\/www.brattiro.net\/NEWS\/?p=254"},"modified":"2019-09-16T10:12:54","modified_gmt":"2019-09-16T08:12:54","slug":"cantina-masicei-la-bonta-del-nostro-vino-con-un-tocco-bio","status":"publish","type":"post","link":"https:\/\/www.brattiro.net\/NEWS\/2019\/09\/16\/cantina-masicei-la-bonta-del-nostro-vino-con-un-tocco-bio\/","title":{"rendered":"Cantina Masicei: la bont\u00e0 del nostro vino, con un tocco bio"},"content":{"rendered":"\n<p> Si continua con le interviste ai produttori vinicoli brattiroesi. Stavolta tocca a Cosmo Rombol\u00e0 di Cantina Masicei.<\/p>\n\n\n\n<p>Anche lui dice di aver cominciato quasi per gioco e grazie soprattutto a suo padre, che gli ha trasmesso l&#8217;amore per il vino. E cos\u00ec, nel 2012 fa un investimento da cui nasce Cantina Masicei. Il nome viene proprio dal terreno di famiglia su cui buona parte delle uve vengono coltivate. <\/p>\n\n\n\n<p>Il progetto vero e proprio della cantina viene fuori nel 2015, ma gi\u00e0 l&#8217;anno prima, Cosmo \u00e8 entrato in contatto col professore Adamo Domenico Rombol\u00e0, dell&#8217;Universit\u00e0 di Bologna. E&#8217; qui che Cosmo, alla passione, ha unito lo studio, iscrivendosi alla facolt\u00e0 di Enologia, in cui ha imparato delle &#8220;tecniche agronomiche innovative&#8221; e &#8220;gestione dei terreni aziendali&#8221;.<\/p>\n\n\n\n<p>In base a queste tecniche, il terreno viene lavorato quanto basta. Per la precisione, l&#8217;unica fresatura avviene a fine ottobre, dopo le vendemmie. Fresatura che \u00e8 utile per la conseguente semina, a filari alterni, di piantine cerealicole. Queste crescono durante l&#8217;inverno e a primavera, col risveglio vegetativo della vigna, le due piante vanno in competizione. La vigna cos\u00ec soffre, ma per una buona causa, visto che diminuisce la vigoria di essa, cio\u00e8 meno foglie e e germogli e, di conseguenza, meno malattie (caratteristica del biologico).<\/p>\n\n\n\n<figure class=\"wp-block-image is-resized\"><img data-recalc-dims=\"1\" loading=\"lazy\" decoding=\"async\" data-attachment-id=\"260\" data-permalink=\"https:\/\/www.brattiro.net\/NEWS\/dscn1917\/\" data-orig-file=\"https:\/\/i0.wp.com\/www.brattiro.net\/NEWS\/wp-content\/uploads\/2019\/08\/DSCN1917.jpg?fit=4608%2C3456&amp;ssl=1\" data-orig-size=\"4608,3456\" data-comments-opened=\"1\" data-image-meta=\"{&quot;aperture&quot;:&quot;0&quot;,&quot;credit&quot;:&quot;&quot;,&quot;camera&quot;:&quot;&quot;,&quot;caption&quot;:&quot;&quot;,&quot;created_timestamp&quot;:&quot;0&quot;,&quot;copyright&quot;:&quot;&quot;,&quot;focal_length&quot;:&quot;0&quot;,&quot;iso&quot;:&quot;0&quot;,&quot;shutter_speed&quot;:&quot;0&quot;,&quot;title&quot;:&quot;&quot;,&quot;orientation&quot;:&quot;0&quot;}\" data-image-title=\"DSCN1917\" data-image-description=\"\" data-image-caption=\"\" data-large-file=\"https:\/\/i0.wp.com\/www.brattiro.net\/NEWS\/wp-content\/uploads\/2019\/08\/DSCN1917.jpg?fit=840%2C630&amp;ssl=1\" src=\"https:\/\/i0.wp.com\/www.brattiro.net\/NEWS\/wp-content\/uploads\/2019\/08\/DSCN1917-1024x768.jpg?resize=456%2C342\" alt=\"\" class=\"wp-image-260\" width=\"456\" height=\"342\" srcset=\"https:\/\/i0.wp.com\/www.brattiro.net\/NEWS\/wp-content\/uploads\/2019\/08\/DSCN1917.jpg?resize=1024%2C768&amp;ssl=1 1024w, https:\/\/i0.wp.com\/www.brattiro.net\/NEWS\/wp-content\/uploads\/2019\/08\/DSCN1917.jpg?resize=300%2C225&amp;ssl=1 300w, https:\/\/i0.wp.com\/www.brattiro.net\/NEWS\/wp-content\/uploads\/2019\/08\/DSCN1917.jpg?resize=768%2C576&amp;ssl=1 768w, https:\/\/i0.wp.com\/www.brattiro.net\/NEWS\/wp-content\/uploads\/2019\/08\/DSCN1917.jpg?resize=1200%2C900&amp;ssl=1 1200w, https:\/\/i0.wp.com\/www.brattiro.net\/NEWS\/wp-content\/uploads\/2019\/08\/DSCN1917.jpg?w=1680&amp;ssl=1 1680w, https:\/\/i0.wp.com\/www.brattiro.net\/NEWS\/wp-content\/uploads\/2019\/08\/DSCN1917.jpg?w=2520&amp;ssl=1 2520w\" sizes=\"auto, (max-width: 456px) 85vw, 456px\" \/><figcaption>Le vigne in localit\u00e0 Masicei<\/figcaption><\/figure>\n\n\n\n<p>Cos\u00ec fino a fine maggio\/giugno, quando si forma il grappolo, le piantine vengono trinciate e si lascia una pacciamatura nel terreno. E&#8217; un momento cruciale perch\u00e8 a questo punto l&#8217;uva ha bisogno di nutrienti, che trova gi\u00e0 pronti sotto forma di fertilizzante naturale. Molto importante anche perch\u00e8 trattiene l&#8217;umidit\u00e0 del terreno. A questo punto si \u00e8 pronti per la vendemmia, o meglio le vendemmie.<\/p>\n\n\n\n<p>A Cantine Masicei, avendo 5\/6 variet\u00e0 di vino, che maturano tutte in periodi diversi, si fanno altrettante vendemmie, dopo aver esaminato la &#8220;curva di maturazione&#8221;, un grafico che segnala PH, acidit\u00e0 e grado zuccherino. Tra le variet\u00e0 di Cantine Masicei troviamo: Magliocco Dolce, Sangiovese e Cabernet Sauvignon. Dopo la vendemmia, questi vengono portati alla diraspo-pigiatrice e poi al fermentatore in cui restano 1 settimana o 10 giorni. Si passa cos\u00ec alla svinatura, cio\u00e8 al tirare fuori il liquido e viene messo in contenitori di acciaio o legno, in base alla variet\u00e0.<\/p>\n\n\n\n<p>Tra le variet\u00e0 di Cantina Masicei troviamo sia Magliocco Canino, utilizzato per il vino ros\u00e8, il Rifriscu, e Magliocco Dolce, base per i vini rossi. Queste due sono variet\u00e0 autoctone, cio\u00e8 calabresi, a cui vengono affiancate anche variet\u00e0 internazionali e nazionali come Sangiovese e Cabernet Sauvignon.<\/p>\n\n\n\n<p>Tra i vini di Cantina Masicei troviamo il Kalibrio (Magliocco Dolce e Sangiovese), che viene tenuto solo in acciaio per un anno e poi per altri 6\/7 mesi in bottiglia. Altra variet\u00e0 di rosso \u00e8 il Kannata (Magliocco Dolce, Sangiovese, Cabernet Sauvignon) che sosta nell&#8217;acciaio per un anno e poi per un altro in legno. E ancora la Riserva (Magliocco Dolce e Greco Nero), che riposa per un anno e mezzo in barrique e poi in bottiglia. Per quanto riguarda le uve bianche, vengono utilizzate la &#8220;nostra&#8221; Malvasia e lo Chardonnay e fra qualche anno dovrebbe anche uscire un vino di Zibibbo.<\/p>\n\n\n\n<p>La Cantina \u00e8 biologica, ma non tutti i vini lo sono. Cosmo ci spiega infatti che per ottenere il certificato che attesta che il vino sia prodotto biologicamente, bisogna attendere tre anni. Al momento solo il Rifriscu, ros\u00e8, \u00e8 certificato come vino biologico, mentre dovrebbero raggiungerlo a breve il Kannata 2018 e il Raya, bianco.<\/p>\n\n\n\n<figure class=\"wp-block-image is-resized\"><img data-recalc-dims=\"1\" loading=\"lazy\" decoding=\"async\" data-attachment-id=\"262\" data-permalink=\"https:\/\/www.brattiro.net\/NEWS\/dscn1919\/\" data-orig-file=\"https:\/\/i0.wp.com\/www.brattiro.net\/NEWS\/wp-content\/uploads\/2019\/08\/DSCN1919.jpg?fit=4608%2C3456&amp;ssl=1\" data-orig-size=\"4608,3456\" data-comments-opened=\"1\" data-image-meta=\"{&quot;aperture&quot;:&quot;0&quot;,&quot;credit&quot;:&quot;&quot;,&quot;camera&quot;:&quot;&quot;,&quot;caption&quot;:&quot;&quot;,&quot;created_timestamp&quot;:&quot;0&quot;,&quot;copyright&quot;:&quot;&quot;,&quot;focal_length&quot;:&quot;0&quot;,&quot;iso&quot;:&quot;0&quot;,&quot;shutter_speed&quot;:&quot;0&quot;,&quot;title&quot;:&quot;&quot;,&quot;orientation&quot;:&quot;0&quot;}\" data-image-title=\"DSCN1919\" data-image-description=\"\" data-image-caption=\"\" data-large-file=\"https:\/\/i0.wp.com\/www.brattiro.net\/NEWS\/wp-content\/uploads\/2019\/08\/DSCN1919.jpg?fit=840%2C630&amp;ssl=1\" src=\"https:\/\/i0.wp.com\/www.brattiro.net\/NEWS\/wp-content\/uploads\/2019\/08\/DSCN1919-1024x768.jpg?resize=442%2C332\" alt=\"\" class=\"wp-image-262\" width=\"442\" height=\"332\" srcset=\"https:\/\/i0.wp.com\/www.brattiro.net\/NEWS\/wp-content\/uploads\/2019\/08\/DSCN1919.jpg?resize=1024%2C768&amp;ssl=1 1024w, https:\/\/i0.wp.com\/www.brattiro.net\/NEWS\/wp-content\/uploads\/2019\/08\/DSCN1919.jpg?resize=300%2C225&amp;ssl=1 300w, https:\/\/i0.wp.com\/www.brattiro.net\/NEWS\/wp-content\/uploads\/2019\/08\/DSCN1919.jpg?resize=768%2C576&amp;ssl=1 768w, https:\/\/i0.wp.com\/www.brattiro.net\/NEWS\/wp-content\/uploads\/2019\/08\/DSCN1919.jpg?resize=1200%2C900&amp;ssl=1 1200w, https:\/\/i0.wp.com\/www.brattiro.net\/NEWS\/wp-content\/uploads\/2019\/08\/DSCN1919.jpg?w=1680&amp;ssl=1 1680w, https:\/\/i0.wp.com\/www.brattiro.net\/NEWS\/wp-content\/uploads\/2019\/08\/DSCN1919.jpg?w=2520&amp;ssl=1 2520w\" sizes=\"auto, (max-width: 442px) 85vw, 442px\" \/><figcaption>Uno scorcio di localit\u00e0 Masicei<\/figcaption><\/figure>\n\n\n\n<p>Per la produzione, Cosmo, bench\u00e8 sappia quello che fa, ha deciso di farsi affiancare da un enologo. Ormai da due anni, questo ragazzo che viene dalla Brianza, aiuta Cosmo coi suoi vini. Grazie alle sue dritte sono nati Raya e Riserva e insieme hanno deciso di avviare una leggera spumantizzazione.<\/p>\n\n\n\n<p>E per quanto riguarda le iniziative culturali a tema vino, saresti interessato a prenderne parte? Chiediamo anche a lui.<\/p>\n\n\n\n<p>Si dice ben disposto, purch\u00e8 ci siano degli obiettivi comuni a tutti. Cosmo ci dice di prendere gi\u00e0 parte a molti eventi, anche in collaborazione col Professore Rombol\u00e0. &#8220;Per quello che si pu\u00f2&#8221; ci dice &#8220;Mi farebbe piacere farne parte&#8221;.<\/p>\n\n\n\n<p>Anche a lui chiediamo delle novit\u00e0 e degli obiettivi che si pone. In quanto alle novit\u00e0, Cosmo ha in programma di ampliare la cantina ed \u00e8 alla ricerca di nuovi terreni da coltivare. Dice infatti di volersi migliorare anno dopo anno, visto che \u00e8 un&#8217;attivit\u00e0 basata sul potenziale, che ha intenzione di sfruttare al massimo. Al momento, Cantina Masicei si attesta sulle 11.000\/12.000 bottiglie, ma l&#8217;obiettivo \u00e8 arrivare a 20.000. <\/p>\n\n\n\n<p>Grazie a Cosmo per averci fatto visitare la cantina e aver passato un po&#8217; di tempo con noi a chiacchierare sul vino!<\/p>\n<div class=\"fb-background-color\">\n\t\t\t  <div \n\t\t\t  \tclass = \"fb-comments\" \n\t\t\t  \tdata-href = \"https:\/\/www.brattiro.net\/NEWS\/2019\/09\/16\/cantina-masicei-la-bonta-del-nostro-vino-con-un-tocco-bio\/\"\n\t\t\t  \tdata-numposts = \"10\"\n\t\t\t  \tdata-lazy = \"true\"\n\t\t\t\tdata-colorscheme = \"light\"\n\t\t\t\tdata-order-by = \"social\"\n\t\t\t\tdata-mobile=true>\n\t\t\t  <\/div><\/div>\n\t\t  <style>\n\t\t    .fb-background-color {\n\t\t\t\tbackground: #ffffff !important;\n\t\t\t}\n\t\t\t.fb_iframe_widget_fluid_desktop iframe {\n\t\t\t    width: 100% !important;\n\t\t\t}\n\t\t  <\/style>\n\t\t  ","protected":false},"excerpt":{"rendered":"<p>Si continua con le interviste ai produttori vinicoli brattiroesi. Stavolta tocca a Cosmo Rombol\u00e0 di Cantina Masicei. Anche lui dice di aver cominciato quasi per gioco e grazie soprattutto a suo padre, che gli ha trasmesso l&#8217;amore per il vino. E cos\u00ec, nel 2012 fa un investimento da cui nasce Cantina Masicei. Il nome viene &hellip; <a href=\"https:\/\/www.brattiro.net\/NEWS\/2019\/09\/16\/cantina-masicei-la-bonta-del-nostro-vino-con-un-tocco-bio\/\" class=\"more-link\">Leggi tutto<span class=\"screen-reader-text\"> &#8220;Cantina Masicei: la bont\u00e0 del nostro vino, con un tocco bio&#8221;<\/span><\/a><\/p>\n","protected":false},"author":3,"featured_media":0,"comment_status":"open","ping_status":"open","sticky":false,"template":"","format":"standard","meta":{"ngg_post_thumbnail":0,"jetpack_post_was_ever_published":false,"_jetpack_newsletter_access":"","_jetpack_dont_email_post_to_subs":false,"_jetpack_newsletter_tier_id":0,"_jetpack_memberships_contains_paywalled_content":false,"_jetpack_memberships_contains_paid_content":false,"footnotes":"","jetpack_publicize_message":"","jetpack_publicize_feature_enabled":true,"jetpack_social_post_already_shared":true,"jetpack_social_options":{"image_generator_settings":{"template":"highway","default_image_id":0,"font":"","enabled":false},"version":2}},"categories":[1],"tags":[13,32,33,21,31],"class_list":["post-254","post","type-post","status-publish","format-standard","hentry","category-senza-categoria","tag-brattiro","tag-cantine","tag-cultura","tag-tradizioni","tag-vino"],"jetpack_publicize_connections":[],"jetpack_featured_media_url":"","jetpack_sharing_enabled":true,"jetpack_shortlink":"https:\/\/wp.me\/p9SAok-46","jetpack-related-posts":[{"id":251,"url":"https:\/\/www.brattiro.net\/NEWS\/2019\/09\/16\/cantine-rombola-alla-scoperta-dei-vigneti-della-zona\/","url_meta":{"origin":254,"position":0},"title":"Cantine Rombol\u00e0: alla scoperta dei vigneti della zona","author":"Mariantonietta Rombol\u00e0","date":"16 Settembre 2019","format":false,"excerpt":"Vista la vocazione vinicola del paese, abbiamo deciso di visitare le cantine presenti sul territorio per sapere come lavorano e per conoscere il loro impegno nel portare nel mondo il nome del \"Vino di Brattir\u00f2\". Abbiamo cos\u00ec deciso di intervistare i produttori. Partiamo da Alfonso Rombol\u00e0, di Cantine Rombol\u00e0. Pur\u2026","rel":"","context":"In &quot;Senza categoria&quot;","block_context":{"text":"Senza categoria","link":"https:\/\/www.brattiro.net\/NEWS\/category\/senza-categoria\/"},"img":{"alt_text":"","src":"https:\/\/i0.wp.com\/www.brattiro.net\/NEWS\/wp-content\/uploads\/2019\/08\/DSCN1895.jpg?resize=350%2C200&ssl=1","width":350,"height":200,"srcset":"https:\/\/i0.wp.com\/www.brattiro.net\/NEWS\/wp-content\/uploads\/2019\/08\/DSCN1895.jpg?resize=350%2C200&ssl=1 1x, https:\/\/i0.wp.com\/www.brattiro.net\/NEWS\/wp-content\/uploads\/2019\/08\/DSCN1895.jpg?resize=525%2C300&ssl=1 1.5x, https:\/\/i0.wp.com\/www.brattiro.net\/NEWS\/wp-content\/uploads\/2019\/08\/DSCN1895.jpg?resize=700%2C400&ssl=1 2x, https:\/\/i0.wp.com\/www.brattiro.net\/NEWS\/wp-content\/uploads\/2019\/08\/DSCN1895.jpg?resize=1050%2C600&ssl=1 3x, https:\/\/i0.wp.com\/www.brattiro.net\/NEWS\/wp-content\/uploads\/2019\/08\/DSCN1895.jpg?resize=1400%2C800&ssl=1 4x"},"classes":[]},{"id":73,"url":"https:\/\/www.brattiro.net\/NEWS\/2018\/08\/09\/sagra-da-sujaca-caria\/","url_meta":{"origin":254,"position":1},"title":"Sagra da Sujaca- Caria","author":"Mariantonietta Rombol\u00e0","date":"9 Agosto 2018","format":false,"excerpt":"Agosto, si sa, \u00e8 il mese delle sagre e delle feste e anche nel nostro piccolo comune se ne svolgono alcune che ogni anno richiamano in questi piccoli centri parecchi turisti. Partiremo cos\u00ec dalla prima sagra in ordine di calendario: la Sagra della Sujaca di Caria. Quest'anno cadeva il quarantennale\u2026","rel":"","context":"In &quot;Notizie&quot;","block_context":{"text":"Notizie","link":"https:\/\/www.brattiro.net\/NEWS\/category\/notizie\/"},"img":{"alt_text":"","src":"","width":0,"height":0},"classes":[]},{"id":241,"url":"https:\/\/www.brattiro.net\/NEWS\/2019\/08\/14\/sagra-del-vino-di-brattiro-goliardia-divertimento-e-caos-ordinato\/","url_meta":{"origin":254,"position":2},"title":"Sagra del Vino di Brattir\u00f2: goliardia, divertimento e caos ordinato","author":"Mariantonietta Rombol\u00e0","date":"14 Agosto 2019","format":false,"excerpt":"E' gi\u00e0 passato il 10 agosto, quando Brattir\u00f2, durante la notte dei desideri, si anima di colpo. E' mattino presto quando i membri dell'Associazione Enotria si mettono al lavoro per gli ultimi ritocchi. Se vi ricordate, \u00e8 cominciato tutto una settimana prima, con la degustazione del vino. Durante questo periodo,\u2026","rel":"","context":"In &quot;Senza categoria&quot;","block_context":{"text":"Senza categoria","link":"https:\/\/www.brattiro.net\/NEWS\/category\/senza-categoria\/"},"img":{"alt_text":"","src":"https:\/\/i0.wp.com\/www.brattiro.net\/NEWS\/wp-content\/uploads\/2019\/08\/IMG_20190810_213939.jpg?resize=350%2C200&ssl=1","width":350,"height":200,"srcset":"https:\/\/i0.wp.com\/www.brattiro.net\/NEWS\/wp-content\/uploads\/2019\/08\/IMG_20190810_213939.jpg?resize=350%2C200&ssl=1 1x, https:\/\/i0.wp.com\/www.brattiro.net\/NEWS\/wp-content\/uploads\/2019\/08\/IMG_20190810_213939.jpg?resize=525%2C300&ssl=1 1.5x, https:\/\/i0.wp.com\/www.brattiro.net\/NEWS\/wp-content\/uploads\/2019\/08\/IMG_20190810_213939.jpg?resize=700%2C400&ssl=1 2x, https:\/\/i0.wp.com\/www.brattiro.net\/NEWS\/wp-content\/uploads\/2019\/08\/IMG_20190810_213939.jpg?resize=1050%2C600&ssl=1 3x, https:\/\/i0.wp.com\/www.brattiro.net\/NEWS\/wp-content\/uploads\/2019\/08\/IMG_20190810_213939.jpg?resize=1400%2C800&ssl=1 4x"},"classes":[]},{"id":218,"url":"https:\/\/www.brattiro.net\/NEWS\/2019\/08\/05\/o4-agosto-2019-si-preparano-le-grandi-feste\/","url_meta":{"origin":254,"position":3},"title":"O4 agosto 2019: si preparano le grandi feste","author":"Mariantonietta Rombol\u00e0","date":"5 Agosto 2019","format":false,"excerpt":"Vi raccontiamo un po' la giornata del 04 agosto, che ha segnato due tappe importanti per i due maggiori eventi del paese: la festa per i SS Cosma e Damiano e la Sagra del Vino. I Santi Medici Partiamo dal mattino, quando, come ormai consuetudine da qualche anno, alla fine\u2026","rel":"","context":"In \"agosto\"","block_context":{"text":"agosto","link":"https:\/\/www.brattiro.net\/NEWS\/tag\/agosto\/"},"img":{"alt_text":"","src":"https:\/\/i0.wp.com\/www.brattiro.net\/NEWS\/wp-content\/uploads\/2019\/08\/DSCN1623.jpg?resize=350%2C200&ssl=1","width":350,"height":200,"srcset":"https:\/\/i0.wp.com\/www.brattiro.net\/NEWS\/wp-content\/uploads\/2019\/08\/DSCN1623.jpg?resize=350%2C200&ssl=1 1x, https:\/\/i0.wp.com\/www.brattiro.net\/NEWS\/wp-content\/uploads\/2019\/08\/DSCN1623.jpg?resize=525%2C300&ssl=1 1.5x, https:\/\/i0.wp.com\/www.brattiro.net\/NEWS\/wp-content\/uploads\/2019\/08\/DSCN1623.jpg?resize=700%2C400&ssl=1 2x, https:\/\/i0.wp.com\/www.brattiro.net\/NEWS\/wp-content\/uploads\/2019\/08\/DSCN1623.jpg?resize=1050%2C600&ssl=1 3x, https:\/\/i0.wp.com\/www.brattiro.net\/NEWS\/wp-content\/uploads\/2019\/08\/DSCN1623.jpg?resize=1400%2C800&ssl=1 4x"},"classes":[]},{"id":120,"url":"https:\/\/www.brattiro.net\/NEWS\/2018\/10\/01\/festa-ss-cosma-e-damiano-2018-biglietti-vincenti\/","url_meta":{"origin":254,"position":4},"title":"Festa Ss. Cosma e Damiano 2018 &#8211; Biglietti Vincenti","author":"Redazione","date":"1 Ottobre 2018","format":false,"excerpt":"NUMERI VINCENTI I\u00b0 premio: Una\u00a0Vitella Biglietto Serie: A - N\u00b0 0684 II\u00b0 premio:\u00a0Bicicletta Atala\u00a0con pedalata assistita\u00a0 Biglietto Serie: E - N\u00b0 0197 III\u00b0 premio: Bracciale\u00a0Gerardo Sacco Biglietto Serie: D - N\u00b0 0885 PREMI BONUS Cassetta di Vini\u00a0 Cantina Rombol\u00e0\u00a0 Biglietto N\u00b0 0475 Cassetta di Vini\u00a0 Cantina Masicei\u00a0 Biglietto N\u00b0 0270\u2026","rel":"","context":"In &quot;Notizie&quot;","block_context":{"text":"Notizie","link":"https:\/\/www.brattiro.net\/NEWS\/category\/notizie\/"},"img":{"alt_text":"","src":"","width":0,"height":0},"classes":[]},{"id":225,"url":"https:\/\/www.brattiro.net\/NEWS\/2019\/08\/08\/sagra-da-sujaca-di-caria-la-sagra-che-si-migliora-sempre\/","url_meta":{"origin":254,"position":5},"title":"Sagra da Sujaca di Caria: la sagra che si migliora sempre","author":"Mariantonietta Rombol\u00e0","date":"8 Agosto 2019","format":false,"excerpt":"Il 6 agosto \u00e8 andata in scena una delle sagre pi\u00f9 piacevoli e coinvolgenti del circondario: la Sagra da Sujaca (fagioli) di Caria. Brattiro.net l'ha vissuta per voi. Gli stand sono tutti ordinatamente piazzati all'interno di un grande, ideale, corridoio. Ci sono infatti due arcate in cartone piazzate a fare\u2026","rel":"","context":"In &quot;Senza categoria&quot;","block_context":{"text":"Senza categoria","link":"https:\/\/www.brattiro.net\/NEWS\/category\/senza-categoria\/"},"img":{"alt_text":"","src":"https:\/\/i0.wp.com\/www.brattiro.net\/NEWS\/wp-content\/uploads\/2019\/08\/IMG_20190806_211144.jpg?resize=350%2C200&ssl=1","width":350,"height":200,"srcset":"https:\/\/i0.wp.com\/www.brattiro.net\/NEWS\/wp-content\/uploads\/2019\/08\/IMG_20190806_211144.jpg?resize=350%2C200&ssl=1 1x, https:\/\/i0.wp.com\/www.brattiro.net\/NEWS\/wp-content\/uploads\/2019\/08\/IMG_20190806_211144.jpg?resize=525%2C300&ssl=1 1.5x, https:\/\/i0.wp.com\/www.brattiro.net\/NEWS\/wp-content\/uploads\/2019\/08\/IMG_20190806_211144.jpg?resize=700%2C400&ssl=1 2x, https:\/\/i0.wp.com\/www.brattiro.net\/NEWS\/wp-content\/uploads\/2019\/08\/IMG_20190806_211144.jpg?resize=1050%2C600&ssl=1 3x, https:\/\/i0.wp.com\/www.brattiro.net\/NEWS\/wp-content\/uploads\/2019\/08\/IMG_20190806_211144.jpg?resize=1400%2C800&ssl=1 4x"},"classes":[]}],"jetpack_likes_enabled":true,"_links":{"self":[{"href":"https:\/\/www.brattiro.net\/NEWS\/wp-json\/wp\/v2\/posts\/254","targetHints":{"allow":["GET"]}}],"collection":[{"href":"https:\/\/www.brattiro.net\/NEWS\/wp-json\/wp\/v2\/posts"}],"about":[{"href":"https:\/\/www.brattiro.net\/NEWS\/wp-json\/wp\/v2\/types\/post"}],"author":[{"embeddable":true,"href":"https:\/\/www.brattiro.net\/NEWS\/wp-json\/wp\/v2\/users\/3"}],"replies":[{"embeddable":true,"href":"https:\/\/www.brattiro.net\/NEWS\/wp-json\/wp\/v2\/comments?post=254"}],"version-history":[{"count":7,"href":"https:\/\/www.brattiro.net\/NEWS\/wp-json\/wp\/v2\/posts\/254\/revisions"}],"predecessor-version":[{"id":284,"href":"https:\/\/www.brattiro.net\/NEWS\/wp-json\/wp\/v2\/posts\/254\/revisions\/284"}],"wp:attachment":[{"href":"https:\/\/www.brattiro.net\/NEWS\/wp-json\/wp\/v2\/media?parent=254"}],"wp:term":[{"taxonomy":"category","embeddable":true,"href":"https:\/\/www.brattiro.net\/NEWS\/wp-json\/wp\/v2\/categories?post=254"},{"taxonomy":"post_tag","embeddable":true,"href":"https:\/\/www.brattiro.net\/NEWS\/wp-json\/wp\/v2\/tags?post=254"}],"curies":[{"name":"wp","href":"https:\/\/api.w.org\/{rel}","templated":true}]}}