{"id":241,"date":"2019-08-14T12:50:20","date_gmt":"2019-08-14T10:50:20","guid":{"rendered":"http:\/\/www.brattiro.net\/NEWS\/?p=241"},"modified":"2019-08-14T12:50:20","modified_gmt":"2019-08-14T10:50:20","slug":"sagra-del-vino-di-brattiro-goliardia-divertimento-e-caos-ordinato","status":"publish","type":"post","link":"https:\/\/www.brattiro.net\/NEWS\/2019\/08\/14\/sagra-del-vino-di-brattiro-goliardia-divertimento-e-caos-ordinato\/","title":{"rendered":"Sagra del Vino di Brattir\u00f2: goliardia, divertimento e caos ordinato"},"content":{"rendered":"\n<p>E&#8217; gi\u00e0 passato il 10 agosto, quando Brattir\u00f2, durante la notte dei desideri, si anima di colpo.<\/p>\n\n\n\n<p>E&#8217; mattino presto quando i membri dell&#8217;Associazione Enotria si mettono al lavoro per gli ultimi ritocchi. Se vi ricordate, \u00e8 cominciato tutto una settimana prima, con la degustazione del vino. Durante questo periodo, tutti gli organizzatori si sono dati da fare per la riuscita della Sagra del Vino 2019.<\/p>\n\n\n\n<p>Le riunioni si susseguono senza sosta, nei giorni precedenti viene lavorato il maiale per le salsicce e viene tagliata la frutta per la sangria. E giorno 10, come detto, vengono dati gli ultimi ritocchi, soprattutto agli stand. I classici tubi di metallo vengono ricoperti con fiori ed erbe della vigna ed alla fine vengono aggiunti i cartelloni col logo della sagra e altre poesie.<\/p>\n\n\n\n<p>Peculiarit\u00e0 di quest&#8217;anno sono gli hashtag, che si trovano, in rosso, su ogni stand: #mangiapastaebasta, #sangriaedallegria, per citarne alcuni.<\/p>\n\n\n\n<p>Ai soliti stand che percorrono tutto il paese, si aggiunge la novit\u00e0 sita in Via  Posta, degna di nota e lode. Un tempo, su tale via era collocata la mostra degli antichi mestieri e anche della vendemmia. Tradizione purtroppo caduta in disuso. Ma quest&#8217;anno Via Posta riprende vita grazie all&#8217;impegno di alcuni ragazzi che lavorano dal mattino nel sistemare quella che potremmo definire &#8220;La Storia&#8221; della sagra.<\/p>\n\n\n\n<figure class=\"wp-block-image is-resized\"><img data-recalc-dims=\"1\" loading=\"lazy\" decoding=\"async\" data-attachment-id=\"247\" data-permalink=\"https:\/\/www.brattiro.net\/NEWS\/2019\/08\/14\/sagra-del-vino-di-brattiro-goliardia-divertimento-e-caos-ordinato\/img_20190810_213939\/\" data-orig-file=\"https:\/\/i0.wp.com\/www.brattiro.net\/NEWS\/wp-content\/uploads\/2019\/08\/IMG_20190810_213939.jpg?fit=4160%2C3120&amp;ssl=1\" data-orig-size=\"4160,3120\" data-comments-opened=\"1\" data-image-meta=\"{&quot;aperture&quot;:&quot;0&quot;,&quot;credit&quot;:&quot;&quot;,&quot;camera&quot;:&quot;&quot;,&quot;caption&quot;:&quot;&quot;,&quot;created_timestamp&quot;:&quot;0&quot;,&quot;copyright&quot;:&quot;&quot;,&quot;focal_length&quot;:&quot;0&quot;,&quot;iso&quot;:&quot;0&quot;,&quot;shutter_speed&quot;:&quot;0&quot;,&quot;title&quot;:&quot;&quot;,&quot;orientation&quot;:&quot;0&quot;}\" data-image-title=\"IMG_20190810_213939\" data-image-description=\"\" data-image-caption=\"\" data-large-file=\"https:\/\/i0.wp.com\/www.brattiro.net\/NEWS\/wp-content\/uploads\/2019\/08\/IMG_20190810_213939.jpg?fit=840%2C630&amp;ssl=1\" src=\"https:\/\/i0.wp.com\/www.brattiro.net\/NEWS\/wp-content\/uploads\/2019\/08\/IMG_20190810_213939-1024x768.jpg?resize=345%2C259\" alt=\"\" class=\"wp-image-247\" width=\"345\" height=\"259\" srcset=\"https:\/\/i0.wp.com\/www.brattiro.net\/NEWS\/wp-content\/uploads\/2019\/08\/IMG_20190810_213939.jpg?resize=1024%2C768&amp;ssl=1 1024w, https:\/\/i0.wp.com\/www.brattiro.net\/NEWS\/wp-content\/uploads\/2019\/08\/IMG_20190810_213939.jpg?resize=300%2C225&amp;ssl=1 300w, https:\/\/i0.wp.com\/www.brattiro.net\/NEWS\/wp-content\/uploads\/2019\/08\/IMG_20190810_213939.jpg?resize=768%2C576&amp;ssl=1 768w, https:\/\/i0.wp.com\/www.brattiro.net\/NEWS\/wp-content\/uploads\/2019\/08\/IMG_20190810_213939.jpg?resize=1200%2C900&amp;ssl=1 1200w, https:\/\/i0.wp.com\/www.brattiro.net\/NEWS\/wp-content\/uploads\/2019\/08\/IMG_20190810_213939.jpg?w=1680&amp;ssl=1 1680w, https:\/\/i0.wp.com\/www.brattiro.net\/NEWS\/wp-content\/uploads\/2019\/08\/IMG_20190810_213939.jpg?w=2520&amp;ssl=1 2520w\" sizes=\"auto, (max-width: 345px) 85vw, 345px\" \/><figcaption>Le foto della mostra<\/figcaption><\/figure>\n\n\n\n<p>Lungo la parete in pietra di una vecchia casa, vengono posizionate le foto che contengono volti noti e storici della sagra. Molta \u00e8 la commozione nel vedere persone che non ci sono pi\u00f9. Ci teniamo a ricordarle anche qui: Don Giuseppe Furch\u00ec, Mercurio Furch\u00ec (di Manna), Professore Peppe Vita, Cosmo Romano (per tutti &#8220;u zu Cocimu&#8221;). E anche a fine Sagra, viene ricordato Peppe Costa (Peppi Iotta) per anni componente della sagra.<\/p>\n\n\n\n<p>Un altro complimento va fatto per il gruppo scelto per quest&#8217;anno: i Suddanza. Ovviamente per una piazza esigente come quella di Brattir\u00f2, ci vogliono dei musicisti all&#8217;altezza e i Suddanza vanno oltre ogni aspettativa. Suonare tarantelle e anche cos\u00ec bene per ben tre ore di fila, senza stop, non \u00e8 da tutti. Veramente bravi e complimenti all&#8217;Associazione Enotria!<\/p>\n\n\n\n<figure class=\"wp-block-image is-resized\"><img data-recalc-dims=\"1\" loading=\"lazy\" decoding=\"async\" data-attachment-id=\"246\" data-permalink=\"https:\/\/www.brattiro.net\/NEWS\/2019\/08\/14\/sagra-del-vino-di-brattiro-goliardia-divertimento-e-caos-ordinato\/img_20190810_222642\/\" data-orig-file=\"https:\/\/i0.wp.com\/www.brattiro.net\/NEWS\/wp-content\/uploads\/2019\/08\/IMG_20190810_222642.jpg?fit=3120%2C4160&amp;ssl=1\" data-orig-size=\"3120,4160\" data-comments-opened=\"1\" data-image-meta=\"{&quot;aperture&quot;:&quot;0&quot;,&quot;credit&quot;:&quot;&quot;,&quot;camera&quot;:&quot;&quot;,&quot;caption&quot;:&quot;&quot;,&quot;created_timestamp&quot;:&quot;0&quot;,&quot;copyright&quot;:&quot;&quot;,&quot;focal_length&quot;:&quot;0&quot;,&quot;iso&quot;:&quot;0&quot;,&quot;shutter_speed&quot;:&quot;0&quot;,&quot;title&quot;:&quot;&quot;,&quot;orientation&quot;:&quot;0&quot;}\" data-image-title=\"IMG_20190810_222642\" data-image-description=\"\" data-image-caption=\"\" data-large-file=\"https:\/\/i0.wp.com\/www.brattiro.net\/NEWS\/wp-content\/uploads\/2019\/08\/IMG_20190810_222642.jpg?fit=768%2C1024&amp;ssl=1\" src=\"https:\/\/i0.wp.com\/www.brattiro.net\/NEWS\/wp-content\/uploads\/2019\/08\/IMG_20190810_222642-768x1024.jpg?resize=273%2C363\" alt=\"\" class=\"wp-image-246\" width=\"273\" height=\"363\" srcset=\"https:\/\/i0.wp.com\/www.brattiro.net\/NEWS\/wp-content\/uploads\/2019\/08\/IMG_20190810_222642.jpg?resize=768%2C1024&amp;ssl=1 768w, https:\/\/i0.wp.com\/www.brattiro.net\/NEWS\/wp-content\/uploads\/2019\/08\/IMG_20190810_222642.jpg?resize=225%2C300&amp;ssl=1 225w, https:\/\/i0.wp.com\/www.brattiro.net\/NEWS\/wp-content\/uploads\/2019\/08\/IMG_20190810_222642.jpg?resize=1200%2C1600&amp;ssl=1 1200w, https:\/\/i0.wp.com\/www.brattiro.net\/NEWS\/wp-content\/uploads\/2019\/08\/IMG_20190810_222642.jpg?w=1680&amp;ssl=1 1680w, https:\/\/i0.wp.com\/www.brattiro.net\/NEWS\/wp-content\/uploads\/2019\/08\/IMG_20190810_222642.jpg?w=2520&amp;ssl=1 2520w\" sizes=\"auto, (max-width: 273px) 85vw, 273px\" \/><figcaption>Una foto dal concerto dei Suddanza<\/figcaption><\/figure>\n\n\n\n<p>Per il resto che dire, il lavoro \u00e8 stato encomiabile. Tutti, dal pi\u00f9 piccolo al pi\u00f9 grande, chi pi\u00f9 chi meno, si sono impegnati per la riuscita della Sagra 2019. <\/p>\n\n\n\n<p>Come sempre \u00e8 una bella sagra, una sagra felice, dove l&#8217;euforia del vino contagia un p\u00f2 tutti quelli che vi partecipano. E&#8217; una sagra goliardica, ricca di divertimento, la celebrazione dell&#8217;euforia all&#8217;ennesima potenza. Ma sappiamo bene che, come dice una famosa canzone, &#8220;si pu\u00f2 fare di pi\u00f9&#8221;.<\/p>\n\n\n\n<p>Quel &#8220;si pu\u00f2 fare di pi\u00f9&#8221; vuole essere un invito a migliorare, perch\u00e8 se la sagra \u00e8 buona, pu\u00f2 diventare ottima e se \u00e8 ottima pu\u00f2 diventare eccellente.<\/p>\n<div class=\"fb-background-color\">\n\t\t\t  <div \n\t\t\t  \tclass = \"fb-comments\" \n\t\t\t  \tdata-href = \"https:\/\/www.brattiro.net\/NEWS\/2019\/08\/14\/sagra-del-vino-di-brattiro-goliardia-divertimento-e-caos-ordinato\/\"\n\t\t\t  \tdata-numposts = \"10\"\n\t\t\t  \tdata-lazy = \"true\"\n\t\t\t\tdata-colorscheme = \"light\"\n\t\t\t\tdata-order-by = \"social\"\n\t\t\t\tdata-mobile=true>\n\t\t\t  <\/div><\/div>\n\t\t  <style>\n\t\t    .fb-background-color {\n\t\t\t\tbackground: #ffffff !important;\n\t\t\t}\n\t\t\t.fb_iframe_widget_fluid_desktop iframe {\n\t\t\t    width: 100% !important;\n\t\t\t}\n\t\t  <\/style>\n\t\t  ","protected":false},"excerpt":{"rendered":"<p>E&#8217; gi\u00e0 passato il 10 agosto, quando Brattir\u00f2, durante la notte dei desideri, si anima di colpo. E&#8217; mattino presto quando i membri dell&#8217;Associazione Enotria si mettono al lavoro per gli ultimi ritocchi. Se vi ricordate, \u00e8 cominciato tutto una settimana prima, con la degustazione del vino. Durante questo periodo, tutti gli organizzatori si sono &hellip; <a href=\"https:\/\/www.brattiro.net\/NEWS\/2019\/08\/14\/sagra-del-vino-di-brattiro-goliardia-divertimento-e-caos-ordinato\/\" class=\"more-link\">Leggi tutto<span class=\"screen-reader-text\"> &#8220;Sagra del Vino di Brattir\u00f2: goliardia, divertimento e caos ordinato&#8221;<\/span><\/a><\/p>\n","protected":false},"author":3,"featured_media":0,"comment_status":"open","ping_status":"open","sticky":false,"template":"","format":"standard","meta":{"ngg_post_thumbnail":0,"jetpack_post_was_ever_published":false,"_jetpack_newsletter_access":"","_jetpack_dont_email_post_to_subs":false,"_jetpack_newsletter_tier_id":0,"_jetpack_memberships_contains_paywalled_content":false,"_jetpack_memberships_contains_paid_content":false,"footnotes":"","jetpack_publicize_message":"","jetpack_publicize_feature_enabled":true,"jetpack_social_post_already_shared":true,"jetpack_social_options":{"image_generator_settings":{"template":"highway","default_image_id":0,"font":"","enabled":false},"version":2}},"categories":[1],"tags":[13,15,8,21],"class_list":["post-241","post","type-post","status-publish","format-standard","hentry","category-senza-categoria","tag-brattiro","tag-eventi","tag-sagradelvino","tag-tradizioni"],"jetpack_publicize_connections":[],"jetpack_featured_media_url":"","jetpack_sharing_enabled":true,"jetpack_shortlink":"https:\/\/wp.me\/p9SAok-3T","jetpack-related-posts":[{"id":94,"url":"https:\/\/www.brattiro.net\/NEWS\/2018\/08\/11\/sagra-del-vino-brattiro\/","url_meta":{"origin":241,"position":0},"title":"Sagra del vino &#8211; Brattir\u00f2","author":"Mariantonietta Rombol\u00e0","date":"11 Agosto 2018","format":false,"excerpt":"Altro appuntamento molto atteso nel comune di Drapia \u00e8 la Sagra del Vino di Brattir\u00f2. Ogni dieci agosto questo piccolo paese si anima, per dare vita ad una sagra come poche. Possiamo dire che al posto del sangue, nelle vene dei brattiroesi ci scorre il vino, visto che chi pi\u00f9,\u2026","rel":"","context":"In &quot;Notizie&quot;","block_context":{"text":"Notizie","link":"https:\/\/www.brattiro.net\/NEWS\/category\/notizie\/"},"img":{"alt_text":"","src":"https:\/\/i0.wp.com\/www.brattiro.net\/NEWS\/wp-content\/uploads\/2018\/08\/DSC_0145-1-300x201.jpg?resize=350%2C200","width":350,"height":200},"classes":[]},{"id":251,"url":"https:\/\/www.brattiro.net\/NEWS\/2019\/09\/16\/cantine-rombola-alla-scoperta-dei-vigneti-della-zona\/","url_meta":{"origin":241,"position":1},"title":"Cantine Rombol\u00e0: alla scoperta dei vigneti della zona","author":"Mariantonietta Rombol\u00e0","date":"16 Settembre 2019","format":false,"excerpt":"Vista la vocazione vinicola del paese, abbiamo deciso di visitare le cantine presenti sul territorio per sapere come lavorano e per conoscere il loro impegno nel portare nel mondo il nome del \"Vino di Brattir\u00f2\". Abbiamo cos\u00ec deciso di intervistare i produttori. Partiamo da Alfonso Rombol\u00e0, di Cantine Rombol\u00e0. Pur\u2026","rel":"","context":"In &quot;Senza categoria&quot;","block_context":{"text":"Senza categoria","link":"https:\/\/www.brattiro.net\/NEWS\/category\/senza-categoria\/"},"img":{"alt_text":"","src":"https:\/\/i0.wp.com\/www.brattiro.net\/NEWS\/wp-content\/uploads\/2019\/08\/DSCN1895.jpg?resize=350%2C200&ssl=1","width":350,"height":200,"srcset":"https:\/\/i0.wp.com\/www.brattiro.net\/NEWS\/wp-content\/uploads\/2019\/08\/DSCN1895.jpg?resize=350%2C200&ssl=1 1x, https:\/\/i0.wp.com\/www.brattiro.net\/NEWS\/wp-content\/uploads\/2019\/08\/DSCN1895.jpg?resize=525%2C300&ssl=1 1.5x, https:\/\/i0.wp.com\/www.brattiro.net\/NEWS\/wp-content\/uploads\/2019\/08\/DSCN1895.jpg?resize=700%2C400&ssl=1 2x, https:\/\/i0.wp.com\/www.brattiro.net\/NEWS\/wp-content\/uploads\/2019\/08\/DSCN1895.jpg?resize=1050%2C600&ssl=1 3x, https:\/\/i0.wp.com\/www.brattiro.net\/NEWS\/wp-content\/uploads\/2019\/08\/DSCN1895.jpg?resize=1400%2C800&ssl=1 4x"},"classes":[]},{"id":218,"url":"https:\/\/www.brattiro.net\/NEWS\/2019\/08\/05\/o4-agosto-2019-si-preparano-le-grandi-feste\/","url_meta":{"origin":241,"position":2},"title":"O4 agosto 2019: si preparano le grandi feste","author":"Mariantonietta Rombol\u00e0","date":"5 Agosto 2019","format":false,"excerpt":"Vi raccontiamo un po' la giornata del 04 agosto, che ha segnato due tappe importanti per i due maggiori eventi del paese: la festa per i SS Cosma e Damiano e la Sagra del Vino. I Santi Medici Partiamo dal mattino, quando, come ormai consuetudine da qualche anno, alla fine\u2026","rel":"","context":"In \"agosto\"","block_context":{"text":"agosto","link":"https:\/\/www.brattiro.net\/NEWS\/tag\/agosto\/"},"img":{"alt_text":"","src":"https:\/\/i0.wp.com\/www.brattiro.net\/NEWS\/wp-content\/uploads\/2019\/08\/DSCN1623.jpg?resize=350%2C200&ssl=1","width":350,"height":200,"srcset":"https:\/\/i0.wp.com\/www.brattiro.net\/NEWS\/wp-content\/uploads\/2019\/08\/DSCN1623.jpg?resize=350%2C200&ssl=1 1x, https:\/\/i0.wp.com\/www.brattiro.net\/NEWS\/wp-content\/uploads\/2019\/08\/DSCN1623.jpg?resize=525%2C300&ssl=1 1.5x, https:\/\/i0.wp.com\/www.brattiro.net\/NEWS\/wp-content\/uploads\/2019\/08\/DSCN1623.jpg?resize=700%2C400&ssl=1 2x, https:\/\/i0.wp.com\/www.brattiro.net\/NEWS\/wp-content\/uploads\/2019\/08\/DSCN1623.jpg?resize=1050%2C600&ssl=1 3x, https:\/\/i0.wp.com\/www.brattiro.net\/NEWS\/wp-content\/uploads\/2019\/08\/DSCN1623.jpg?resize=1400%2C800&ssl=1 4x"},"classes":[]},{"id":225,"url":"https:\/\/www.brattiro.net\/NEWS\/2019\/08\/08\/sagra-da-sujaca-di-caria-la-sagra-che-si-migliora-sempre\/","url_meta":{"origin":241,"position":3},"title":"Sagra da Sujaca di Caria: la sagra che si migliora sempre","author":"Mariantonietta Rombol\u00e0","date":"8 Agosto 2019","format":false,"excerpt":"Il 6 agosto \u00e8 andata in scena una delle sagre pi\u00f9 piacevoli e coinvolgenti del circondario: la Sagra da Sujaca (fagioli) di Caria. Brattiro.net l'ha vissuta per voi. Gli stand sono tutti ordinatamente piazzati all'interno di un grande, ideale, corridoio. Ci sono infatti due arcate in cartone piazzate a fare\u2026","rel":"","context":"In &quot;Senza categoria&quot;","block_context":{"text":"Senza categoria","link":"https:\/\/www.brattiro.net\/NEWS\/category\/senza-categoria\/"},"img":{"alt_text":"","src":"https:\/\/i0.wp.com\/www.brattiro.net\/NEWS\/wp-content\/uploads\/2019\/08\/IMG_20190806_211144.jpg?resize=350%2C200&ssl=1","width":350,"height":200,"srcset":"https:\/\/i0.wp.com\/www.brattiro.net\/NEWS\/wp-content\/uploads\/2019\/08\/IMG_20190806_211144.jpg?resize=350%2C200&ssl=1 1x, https:\/\/i0.wp.com\/www.brattiro.net\/NEWS\/wp-content\/uploads\/2019\/08\/IMG_20190806_211144.jpg?resize=525%2C300&ssl=1 1.5x, https:\/\/i0.wp.com\/www.brattiro.net\/NEWS\/wp-content\/uploads\/2019\/08\/IMG_20190806_211144.jpg?resize=700%2C400&ssl=1 2x, https:\/\/i0.wp.com\/www.brattiro.net\/NEWS\/wp-content\/uploads\/2019\/08\/IMG_20190806_211144.jpg?resize=1050%2C600&ssl=1 3x, https:\/\/i0.wp.com\/www.brattiro.net\/NEWS\/wp-content\/uploads\/2019\/08\/IMG_20190806_211144.jpg?resize=1400%2C800&ssl=1 4x"},"classes":[]},{"id":73,"url":"https:\/\/www.brattiro.net\/NEWS\/2018\/08\/09\/sagra-da-sujaca-caria\/","url_meta":{"origin":241,"position":4},"title":"Sagra da Sujaca- Caria","author":"Mariantonietta Rombol\u00e0","date":"9 Agosto 2018","format":false,"excerpt":"Agosto, si sa, \u00e8 il mese delle sagre e delle feste e anche nel nostro piccolo comune se ne svolgono alcune che ogni anno richiamano in questi piccoli centri parecchi turisti. Partiremo cos\u00ec dalla prima sagra in ordine di calendario: la Sagra della Sujaca di Caria. Quest'anno cadeva il quarantennale\u2026","rel":"","context":"In &quot;Notizie&quot;","block_context":{"text":"Notizie","link":"https:\/\/www.brattiro.net\/NEWS\/category\/notizie\/"},"img":{"alt_text":"","src":"","width":0,"height":0},"classes":[]},{"id":254,"url":"https:\/\/www.brattiro.net\/NEWS\/2019\/09\/16\/cantina-masicei-la-bonta-del-nostro-vino-con-un-tocco-bio\/","url_meta":{"origin":241,"position":5},"title":"Cantina Masicei: la bont\u00e0 del nostro vino, con un tocco bio","author":"Mariantonietta Rombol\u00e0","date":"16 Settembre 2019","format":false,"excerpt":"Si continua con le interviste ai produttori vinicoli brattiroesi. Stavolta tocca a Cosmo Rombol\u00e0 di Cantina Masicei. Anche lui dice di aver cominciato quasi per gioco e grazie soprattutto a suo padre, che gli ha trasmesso l'amore per il vino. E cos\u00ec, nel 2012 fa un investimento da cui nasce\u2026","rel":"","context":"In &quot;Senza categoria&quot;","block_context":{"text":"Senza categoria","link":"https:\/\/www.brattiro.net\/NEWS\/category\/senza-categoria\/"},"img":{"alt_text":"","src":"https:\/\/i0.wp.com\/www.brattiro.net\/NEWS\/wp-content\/uploads\/2019\/08\/DSCN1917.jpg?resize=350%2C200&ssl=1","width":350,"height":200,"srcset":"https:\/\/i0.wp.com\/www.brattiro.net\/NEWS\/wp-content\/uploads\/2019\/08\/DSCN1917.jpg?resize=350%2C200&ssl=1 1x, https:\/\/i0.wp.com\/www.brattiro.net\/NEWS\/wp-content\/uploads\/2019\/08\/DSCN1917.jpg?resize=525%2C300&ssl=1 1.5x, https:\/\/i0.wp.com\/www.brattiro.net\/NEWS\/wp-content\/uploads\/2019\/08\/DSCN1917.jpg?resize=700%2C400&ssl=1 2x, https:\/\/i0.wp.com\/www.brattiro.net\/NEWS\/wp-content\/uploads\/2019\/08\/DSCN1917.jpg?resize=1050%2C600&ssl=1 3x, https:\/\/i0.wp.com\/www.brattiro.net\/NEWS\/wp-content\/uploads\/2019\/08\/DSCN1917.jpg?resize=1400%2C800&ssl=1 4x"},"classes":[]}],"jetpack_likes_enabled":true,"_links":{"self":[{"href":"https:\/\/www.brattiro.net\/NEWS\/wp-json\/wp\/v2\/posts\/241","targetHints":{"allow":["GET"]}}],"collection":[{"href":"https:\/\/www.brattiro.net\/NEWS\/wp-json\/wp\/v2\/posts"}],"about":[{"href":"https:\/\/www.brattiro.net\/NEWS\/wp-json\/wp\/v2\/types\/post"}],"author":[{"embeddable":true,"href":"https:\/\/www.brattiro.net\/NEWS\/wp-json\/wp\/v2\/users\/3"}],"replies":[{"embeddable":true,"href":"https:\/\/www.brattiro.net\/NEWS\/wp-json\/wp\/v2\/comments?post=241"}],"version-history":[{"count":3,"href":"https:\/\/www.brattiro.net\/NEWS\/wp-json\/wp\/v2\/posts\/241\/revisions"}],"predecessor-version":[{"id":248,"href":"https:\/\/www.brattiro.net\/NEWS\/wp-json\/wp\/v2\/posts\/241\/revisions\/248"}],"wp:attachment":[{"href":"https:\/\/www.brattiro.net\/NEWS\/wp-json\/wp\/v2\/media?parent=241"}],"wp:term":[{"taxonomy":"category","embeddable":true,"href":"https:\/\/www.brattiro.net\/NEWS\/wp-json\/wp\/v2\/categories?post=241"},{"taxonomy":"post_tag","embeddable":true,"href":"https:\/\/www.brattiro.net\/NEWS\/wp-json\/wp\/v2\/tags?post=241"}],"curies":[{"name":"wp","href":"https:\/\/api.w.org\/{rel}","templated":true}]}}