{"id":225,"date":"2019-08-08T20:14:15","date_gmt":"2019-08-08T18:14:15","guid":{"rendered":"http:\/\/www.brattiro.net\/NEWS\/?p=225"},"modified":"2019-08-08T20:14:15","modified_gmt":"2019-08-08T18:14:15","slug":"sagra-da-sujaca-di-caria-la-sagra-che-si-migliora-sempre","status":"publish","type":"post","link":"https:\/\/www.brattiro.net\/NEWS\/2019\/08\/08\/sagra-da-sujaca-di-caria-la-sagra-che-si-migliora-sempre\/","title":{"rendered":"Sagra da Sujaca di Caria: la sagra che si migliora sempre"},"content":{"rendered":"\n<p>Il 6 agosto \u00e8 andata in scena una delle sagre pi\u00f9 piacevoli e coinvolgenti del circondario: la Sagra da Sujaca (fagioli) di Caria. Brattiro.net l&#8217;ha vissuta per voi.<\/p>\n\n\n\n<p>Gli stand sono tutti ordinatamente piazzati all&#8217;interno di un grande, ideale, corridoio. Ci sono infatti due arcate in cartone piazzate a fare al contempo da entrata e uscita, in cui si trova scritto &#8220;Benvenuti\/Arrivederci&#8221;. All&#8217;interno di questo corridoio, i ragazzi in maglia gialla accolgono tutti col sorriso.<\/p>\n\n\n\n<p>Lo stand principe \u00e8 quello del &#8220;piatto&#8221;. Con soli 10 euro si pu\u00f2 avere un men\u00f9 completo di prelibatezze nostrane. Infatti, non solo sono presenti i fagioli, vista la sagra a loro dedicata, ma anche: nduja di Spilinga, cipolla rossa di Tropea e pecorino del Poro. In questo succulento men\u00f9, i fagioli vengono serviti sia da soli, conditi con sale e olio, sia con i fileja, la pasta tipica delle nostre zone. All&#8217;interno di questo men\u00f9 sono incluse un bicchiere di vino o bibita e anche l&#8217;Amaro del Capo, come tocco di classe in pi\u00f9.<\/p>\n\n\n\n<p>E se pensate che sia finita qui, vi sbagliate! Un altro stand tutto dedito alla &#8220;sujaca scianghiata&#8221;, cio\u00e8 cucinata col pomodoro e la cipolla, e all'&#8221;insalata&#8221; di sujaca, novit\u00e0 di quest&#8217;anno. <\/p>\n\n\n\n<p>Ma a Caria hanno deciso di pensare proprio a tutti! C&#8217;\u00e8 infatti lo stand per gustare il classico panino con salsiccia o filetto e persino uno stand con men\u00f9 per celiaci, fatto in collaborazione con AIC (Associazione Italiana Celiaci). E ancora angurie, pannocchie e ovviamente la sangria.<\/p>\n\n\n\n<p>Ma la vera ciliegina sulla torta \u00e8 stato il questionario che veniva consegnato alle casse. Sicuramente in molti avranno pensato di fregarsene, ma i ragazzi di Caria sono sempre un passo avanti! Infatti, se si compilava il questionario e lo si consegnava allo stand dell&#8217;anguria o a quello della sangria, queste venivano scontate di 50 centesimi. Davvero una bella idea! Soprattutto perch\u00e8 davvero questi ragazzi vogliono conoscere l&#8217;opinione del pubblico che ormai da un p\u00f2 di anni affluisce sempre pi\u00f9 numeroso alla Sagra da Sujaca. Inoltre, sempre perch\u00e8 si \u00e8 pensato a tutti, il questionario era scritto anche in inglese.<\/p>\n\n\n\n<figure class=\"wp-block-image is-resized\"><img data-recalc-dims=\"1\" loading=\"lazy\" decoding=\"async\" data-attachment-id=\"227\" data-permalink=\"https:\/\/www.brattiro.net\/NEWS\/2019\/08\/08\/sagra-da-sujaca-di-caria-la-sagra-che-si-migliora-sempre\/img_20190806_211144\/\" data-orig-file=\"https:\/\/i0.wp.com\/www.brattiro.net\/NEWS\/wp-content\/uploads\/2019\/08\/IMG_20190806_211144.jpg?fit=3120%2C4160&amp;ssl=1\" data-orig-size=\"3120,4160\" data-comments-opened=\"1\" data-image-meta=\"{&quot;aperture&quot;:&quot;0&quot;,&quot;credit&quot;:&quot;&quot;,&quot;camera&quot;:&quot;&quot;,&quot;caption&quot;:&quot;&quot;,&quot;created_timestamp&quot;:&quot;0&quot;,&quot;copyright&quot;:&quot;&quot;,&quot;focal_length&quot;:&quot;0&quot;,&quot;iso&quot;:&quot;0&quot;,&quot;shutter_speed&quot;:&quot;0&quot;,&quot;title&quot;:&quot;&quot;,&quot;orientation&quot;:&quot;0&quot;}\" data-image-title=\"IMG_20190806_211144\" data-image-description=\"\" data-image-caption=\"\" data-large-file=\"https:\/\/i0.wp.com\/www.brattiro.net\/NEWS\/wp-content\/uploads\/2019\/08\/IMG_20190806_211144.jpg?fit=768%2C1024&amp;ssl=1\" src=\"https:\/\/i0.wp.com\/www.brattiro.net\/NEWS\/wp-content\/uploads\/2019\/08\/IMG_20190806_211144-768x1024.jpg?resize=262%2C350\" alt=\"\" class=\"wp-image-227\" width=\"262\" height=\"350\" srcset=\"https:\/\/i0.wp.com\/www.brattiro.net\/NEWS\/wp-content\/uploads\/2019\/08\/IMG_20190806_211144.jpg?resize=768%2C1024&amp;ssl=1 768w, https:\/\/i0.wp.com\/www.brattiro.net\/NEWS\/wp-content\/uploads\/2019\/08\/IMG_20190806_211144.jpg?resize=225%2C300&amp;ssl=1 225w, https:\/\/i0.wp.com\/www.brattiro.net\/NEWS\/wp-content\/uploads\/2019\/08\/IMG_20190806_211144.jpg?resize=1200%2C1600&amp;ssl=1 1200w, https:\/\/i0.wp.com\/www.brattiro.net\/NEWS\/wp-content\/uploads\/2019\/08\/IMG_20190806_211144.jpg?w=1680&amp;ssl=1 1680w, https:\/\/i0.wp.com\/www.brattiro.net\/NEWS\/wp-content\/uploads\/2019\/08\/IMG_20190806_211144.jpg?w=2520&amp;ssl=1 2520w\" sizes=\"auto, (max-width: 262px) 85vw, 262px\" \/><figcaption>Il Questionario<\/figcaption><\/figure>\n\n\n\n<p>Questa era la parte mangereccia, ma anche quella del divertimento non ha lasciato a desiderare!<\/p>\n\n\n\n<p>Per i pi\u00f9 piccoli, dal pomeriggio, per le vie di Caria ballano i Giganti di San Costantino. E continuano tutta la serata, portando gioia attraverso i tavoli e le persone in coda alle casse. Persino durante il concerto degli Amakor\u00e0, gruppo scelto per quest&#8217;anno, Mata e Grifone decidono di concedersi un ballo fra i giovani. Un plauso va anche a questo gruppo, gli Amakor\u00e0 appunto, che hanno animato la piazza di Caria fino a tarda notte.Il concerto viene interrotto solo per un istante, quando di colpo partono i fuochi d&#8217;artificio e poi il &#8220;Camiuzzu i focu&#8221;.<\/p>\n\n\n\n<p>Queste cose le hanno viste un p\u00f2 tutti, ma quello che c&#8217;\u00e8 dietro \u00e8 altrettanto importante: un gruppo di giovani unito e compatto, che lavora di squadra. Una squadra in cui ogni talento \u00e8 messo al servizio della sagra, in cui tutti si sentono una famiglia. Era proprio questa l&#8217;aria che si respirava fra gli stand. Un esercito di ragazzi in maglia gialla che ama il proprio paese.<\/p>\n\n\n\n<p>Complimenti a tutti e siamo certi che la prossima edizione, sar\u00e0 ancora migliore.<\/p>\n<div class=\"fb-background-color\">\n\t\t\t  <div \n\t\t\t  \tclass = \"fb-comments\" \n\t\t\t  \tdata-href = \"https:\/\/www.brattiro.net\/NEWS\/2019\/08\/08\/sagra-da-sujaca-di-caria-la-sagra-che-si-migliora-sempre\/\"\n\t\t\t  \tdata-numposts = \"10\"\n\t\t\t  \tdata-lazy = \"true\"\n\t\t\t\tdata-colorscheme = \"light\"\n\t\t\t\tdata-order-by = \"social\"\n\t\t\t\tdata-mobile=true>\n\t\t\t  <\/div><\/div>\n\t\t  <style>\n\t\t    .fb-background-color {\n\t\t\t\tbackground: #ffffff !important;\n\t\t\t}\n\t\t\t.fb_iframe_widget_fluid_desktop iframe {\n\t\t\t    width: 100% !important;\n\t\t\t}\n\t\t  <\/style>\n\t\t  ","protected":false},"excerpt":{"rendered":"<p>Il 6 agosto \u00e8 andata in scena una delle sagre pi\u00f9 piacevoli e coinvolgenti del circondario: la Sagra da Sujaca (fagioli) di Caria. Brattiro.net l&#8217;ha vissuta per voi. Gli stand sono tutti ordinatamente piazzati all&#8217;interno di un grande, ideale, corridoio. Ci sono infatti due arcate in cartone piazzate a fare al contempo da entrata e &hellip; <a href=\"https:\/\/www.brattiro.net\/NEWS\/2019\/08\/08\/sagra-da-sujaca-di-caria-la-sagra-che-si-migliora-sempre\/\" class=\"more-link\">Leggi tutto<span class=\"screen-reader-text\"> &#8220;Sagra da Sujaca di Caria: la sagra che si migliora sempre&#8221;<\/span><\/a><\/p>\n","protected":false},"author":3,"featured_media":0,"comment_status":"open","ping_status":"open","sticky":false,"template":"","format":"standard","meta":{"ngg_post_thumbnail":0,"jetpack_post_was_ever_published":false,"_jetpack_newsletter_access":"","_jetpack_dont_email_post_to_subs":false,"_jetpack_newsletter_tier_id":0,"_jetpack_memberships_contains_paywalled_content":false,"_jetpack_memberships_contains_paid_content":false,"footnotes":"","jetpack_publicize_message":"","jetpack_publicize_feature_enabled":true,"jetpack_social_post_already_shared":true,"jetpack_social_options":{"image_generator_settings":{"template":"highway","default_image_id":0,"font":"","enabled":false},"version":2}},"categories":[1],"tags":[24,15,23,21],"class_list":["post-225","post","type-post","status-publish","format-standard","hentry","category-senza-categoria","tag-caria","tag-eventi","tag-sagradasujaca","tag-tradizioni"],"jetpack_publicize_connections":[],"jetpack_featured_media_url":"","jetpack_sharing_enabled":true,"jetpack_shortlink":"https:\/\/wp.me\/p9SAok-3D","jetpack-related-posts":[{"id":73,"url":"https:\/\/www.brattiro.net\/NEWS\/2018\/08\/09\/sagra-da-sujaca-caria\/","url_meta":{"origin":225,"position":0},"title":"Sagra da Sujaca- Caria","author":"Mariantonietta Rombol\u00e0","date":"9 Agosto 2018","format":false,"excerpt":"Agosto, si sa, \u00e8 il mese delle sagre e delle feste e anche nel nostro piccolo comune se ne svolgono alcune che ogni anno richiamano in questi piccoli centri parecchi turisti. Partiremo cos\u00ec dalla prima sagra in ordine di calendario: la Sagra della Sujaca di Caria. Quest'anno cadeva il quarantennale\u2026","rel":"","context":"In &quot;Notizie&quot;","block_context":{"text":"Notizie","link":"https:\/\/www.brattiro.net\/NEWS\/category\/notizie\/"},"img":{"alt_text":"","src":"","width":0,"height":0},"classes":[]},{"id":241,"url":"https:\/\/www.brattiro.net\/NEWS\/2019\/08\/14\/sagra-del-vino-di-brattiro-goliardia-divertimento-e-caos-ordinato\/","url_meta":{"origin":225,"position":1},"title":"Sagra del Vino di Brattir\u00f2: goliardia, divertimento e caos ordinato","author":"Mariantonietta Rombol\u00e0","date":"14 Agosto 2019","format":false,"excerpt":"E' gi\u00e0 passato il 10 agosto, quando Brattir\u00f2, durante la notte dei desideri, si anima di colpo. E' mattino presto quando i membri dell'Associazione Enotria si mettono al lavoro per gli ultimi ritocchi. Se vi ricordate, \u00e8 cominciato tutto una settimana prima, con la degustazione del vino. Durante questo periodo,\u2026","rel":"","context":"In &quot;Senza categoria&quot;","block_context":{"text":"Senza categoria","link":"https:\/\/www.brattiro.net\/NEWS\/category\/senza-categoria\/"},"img":{"alt_text":"","src":"https:\/\/i0.wp.com\/www.brattiro.net\/NEWS\/wp-content\/uploads\/2019\/08\/IMG_20190810_213939.jpg?resize=350%2C200&ssl=1","width":350,"height":200,"srcset":"https:\/\/i0.wp.com\/www.brattiro.net\/NEWS\/wp-content\/uploads\/2019\/08\/IMG_20190810_213939.jpg?resize=350%2C200&ssl=1 1x, https:\/\/i0.wp.com\/www.brattiro.net\/NEWS\/wp-content\/uploads\/2019\/08\/IMG_20190810_213939.jpg?resize=525%2C300&ssl=1 1.5x, https:\/\/i0.wp.com\/www.brattiro.net\/NEWS\/wp-content\/uploads\/2019\/08\/IMG_20190810_213939.jpg?resize=700%2C400&ssl=1 2x, https:\/\/i0.wp.com\/www.brattiro.net\/NEWS\/wp-content\/uploads\/2019\/08\/IMG_20190810_213939.jpg?resize=1050%2C600&ssl=1 3x, https:\/\/i0.wp.com\/www.brattiro.net\/NEWS\/wp-content\/uploads\/2019\/08\/IMG_20190810_213939.jpg?resize=1400%2C800&ssl=1 4x"},"classes":[]},{"id":94,"url":"https:\/\/www.brattiro.net\/NEWS\/2018\/08\/11\/sagra-del-vino-brattiro\/","url_meta":{"origin":225,"position":2},"title":"Sagra del vino &#8211; Brattir\u00f2","author":"Mariantonietta Rombol\u00e0","date":"11 Agosto 2018","format":false,"excerpt":"Altro appuntamento molto atteso nel comune di Drapia \u00e8 la Sagra del Vino di Brattir\u00f2. Ogni dieci agosto questo piccolo paese si anima, per dare vita ad una sagra come poche. Possiamo dire che al posto del sangue, nelle vene dei brattiroesi ci scorre il vino, visto che chi pi\u00f9,\u2026","rel":"","context":"In &quot;Notizie&quot;","block_context":{"text":"Notizie","link":"https:\/\/www.brattiro.net\/NEWS\/category\/notizie\/"},"img":{"alt_text":"","src":"https:\/\/i0.wp.com\/www.brattiro.net\/NEWS\/wp-content\/uploads\/2018\/08\/DSC_0145-1-300x201.jpg?resize=350%2C200","width":350,"height":200},"classes":[]},{"id":218,"url":"https:\/\/www.brattiro.net\/NEWS\/2019\/08\/05\/o4-agosto-2019-si-preparano-le-grandi-feste\/","url_meta":{"origin":225,"position":3},"title":"O4 agosto 2019: si preparano le grandi feste","author":"Mariantonietta Rombol\u00e0","date":"5 Agosto 2019","format":false,"excerpt":"Vi raccontiamo un po' la giornata del 04 agosto, che ha segnato due tappe importanti per i due maggiori eventi del paese: la festa per i SS Cosma e Damiano e la Sagra del Vino. I Santi Medici Partiamo dal mattino, quando, come ormai consuetudine da qualche anno, alla fine\u2026","rel":"","context":"In \"agosto\"","block_context":{"text":"agosto","link":"https:\/\/www.brattiro.net\/NEWS\/tag\/agosto\/"},"img":{"alt_text":"","src":"https:\/\/i0.wp.com\/www.brattiro.net\/NEWS\/wp-content\/uploads\/2019\/08\/DSCN1623.jpg?resize=350%2C200&ssl=1","width":350,"height":200,"srcset":"https:\/\/i0.wp.com\/www.brattiro.net\/NEWS\/wp-content\/uploads\/2019\/08\/DSCN1623.jpg?resize=350%2C200&ssl=1 1x, https:\/\/i0.wp.com\/www.brattiro.net\/NEWS\/wp-content\/uploads\/2019\/08\/DSCN1623.jpg?resize=525%2C300&ssl=1 1.5x, https:\/\/i0.wp.com\/www.brattiro.net\/NEWS\/wp-content\/uploads\/2019\/08\/DSCN1623.jpg?resize=700%2C400&ssl=1 2x, https:\/\/i0.wp.com\/www.brattiro.net\/NEWS\/wp-content\/uploads\/2019\/08\/DSCN1623.jpg?resize=1050%2C600&ssl=1 3x, https:\/\/i0.wp.com\/www.brattiro.net\/NEWS\/wp-content\/uploads\/2019\/08\/DSCN1623.jpg?resize=1400%2C800&ssl=1 4x"},"classes":[]},{"id":251,"url":"https:\/\/www.brattiro.net\/NEWS\/2019\/09\/16\/cantine-rombola-alla-scoperta-dei-vigneti-della-zona\/","url_meta":{"origin":225,"position":4},"title":"Cantine Rombol\u00e0: alla scoperta dei vigneti della zona","author":"Mariantonietta Rombol\u00e0","date":"16 Settembre 2019","format":false,"excerpt":"Vista la vocazione vinicola del paese, abbiamo deciso di visitare le cantine presenti sul territorio per sapere come lavorano e per conoscere il loro impegno nel portare nel mondo il nome del \"Vino di Brattir\u00f2\". Abbiamo cos\u00ec deciso di intervistare i produttori. Partiamo da Alfonso Rombol\u00e0, di Cantine Rombol\u00e0. Pur\u2026","rel":"","context":"In &quot;Senza categoria&quot;","block_context":{"text":"Senza categoria","link":"https:\/\/www.brattiro.net\/NEWS\/category\/senza-categoria\/"},"img":{"alt_text":"","src":"https:\/\/i0.wp.com\/www.brattiro.net\/NEWS\/wp-content\/uploads\/2019\/08\/DSCN1895.jpg?resize=350%2C200&ssl=1","width":350,"height":200,"srcset":"https:\/\/i0.wp.com\/www.brattiro.net\/NEWS\/wp-content\/uploads\/2019\/08\/DSCN1895.jpg?resize=350%2C200&ssl=1 1x, https:\/\/i0.wp.com\/www.brattiro.net\/NEWS\/wp-content\/uploads\/2019\/08\/DSCN1895.jpg?resize=525%2C300&ssl=1 1.5x, https:\/\/i0.wp.com\/www.brattiro.net\/NEWS\/wp-content\/uploads\/2019\/08\/DSCN1895.jpg?resize=700%2C400&ssl=1 2x, https:\/\/i0.wp.com\/www.brattiro.net\/NEWS\/wp-content\/uploads\/2019\/08\/DSCN1895.jpg?resize=1050%2C600&ssl=1 3x, https:\/\/i0.wp.com\/www.brattiro.net\/NEWS\/wp-content\/uploads\/2019\/08\/DSCN1895.jpg?resize=1400%2C800&ssl=1 4x"},"classes":[]},{"id":115,"url":"https:\/\/www.brattiro.net\/NEWS\/2018\/09\/30\/vi-raccontiamo-la-festa-dei-ss-cosma-e-damiano-2018\/","url_meta":{"origin":225,"position":5},"title":"Vi raccontiamo la festa dei SS. Cosma e Damiano 2018","author":"Mariantonietta Rombol\u00e0","date":"30 Settembre 2018","format":false,"excerpt":"Anche quest\u2019anno, la festa dei Santi Medici \u00e8 passata, cos\u00ec abbiamo deciso di riassumerla e raccontarla a chi non ha potuto parteciparvi. Come al solito partiamo dal 25, il giorno che solitamente \u00e8 considerato \u201cda fera\u201d. I tre botti del mattino annunciano alla comunit\u00e0 di Brattir\u00f2 e ai paesi vicini\u2026","rel":"","context":"In &quot;Notizie&quot;","block_context":{"text":"Notizie","link":"https:\/\/www.brattiro.net\/NEWS\/category\/notizie\/"},"img":{"alt_text":"","src":"","width":0,"height":0},"classes":[]}],"jetpack_likes_enabled":true,"_links":{"self":[{"href":"https:\/\/www.brattiro.net\/NEWS\/wp-json\/wp\/v2\/posts\/225","targetHints":{"allow":["GET"]}}],"collection":[{"href":"https:\/\/www.brattiro.net\/NEWS\/wp-json\/wp\/v2\/posts"}],"about":[{"href":"https:\/\/www.brattiro.net\/NEWS\/wp-json\/wp\/v2\/types\/post"}],"author":[{"embeddable":true,"href":"https:\/\/www.brattiro.net\/NEWS\/wp-json\/wp\/v2\/users\/3"}],"replies":[{"embeddable":true,"href":"https:\/\/www.brattiro.net\/NEWS\/wp-json\/wp\/v2\/comments?post=225"}],"version-history":[{"count":2,"href":"https:\/\/www.brattiro.net\/NEWS\/wp-json\/wp\/v2\/posts\/225\/revisions"}],"predecessor-version":[{"id":228,"href":"https:\/\/www.brattiro.net\/NEWS\/wp-json\/wp\/v2\/posts\/225\/revisions\/228"}],"wp:attachment":[{"href":"https:\/\/www.brattiro.net\/NEWS\/wp-json\/wp\/v2\/media?parent=225"}],"wp:term":[{"taxonomy":"category","embeddable":true,"href":"https:\/\/www.brattiro.net\/NEWS\/wp-json\/wp\/v2\/categories?post=225"},{"taxonomy":"post_tag","embeddable":true,"href":"https:\/\/www.brattiro.net\/NEWS\/wp-json\/wp\/v2\/tags?post=225"}],"curies":[{"name":"wp","href":"https:\/\/api.w.org\/{rel}","templated":true}]}}